{"id":91534,"date":"2018-10-20T12:00:02","date_gmt":"2018-10-20T09:00:02","guid":{"rendered":"https:\/\/www.sana.sy\/es\/?p=91534"},"modified":"2018-10-20T13:23:09","modified_gmt":"2018-10-20T10:23:09","slug":"shoygu-pide-esfuerzos-para-encontrar-una-solucion-politica-a-la-crisis-en-siria-y-al-regreso-de-los-desplazados","status":"publish","type":"post","link":"https:\/\/archive.sana.sy\/es\/?p=91534","title":{"rendered":"Shoygu pide esfuerzos para encontrar una soluci\u00f3n pol\u00edtica a la crisis en Siria y al regreso de los desplazados"},"content":{"rendered":"<p style=\"text-align: justify\"><span style=\"color: #800000\">Mosc\u00fa-SANA<\/span><\/p>\n<p style=\"text-align: justify\">El ministro de Defensa ruso, Sergei Shoygu, renov\u00f3 el llamado por una soluci\u00f3n pol\u00edtica a la crisis en Siria y la necesidad de esfuerzos internacionales para lograr este objetivo y el regreso de los refugiados sirios a sus hogares.<\/p>\n<p style=\"text-align: justify\">&#8220;El gran inter\u00e9s se centra en resolver los problemas humanitarios en Siria y el regreso de los desplazados a sus hogares&#8221;, cit\u00f3 Rusia Hoy a Shoygu en un discurso en la quinta reuni\u00f3n de ministros de defensa de la ASEAN y sus socios.<\/p>\n<p style=\"text-align: justify\">Shoygu advirti\u00f3 que el regreso de los terroristas que combaten en Siria e Irak a la regi\u00f3n de Asia y el Pac\u00edfico aumentar\u00eda la amenaza terrorista en la regi\u00f3n.<\/p>\n<p style=\"text-align: justify\">Las Fuerzas Aeroespaciales de Rusia, junto con el Ej\u00e9rcito \u00c1rabe Sirio, han llevado a cabo m\u00e1s de 40,000 vuelos, eliminando a miles de terroristas y destruyendo a decenas de miles de instalaciones, dijo agregando que \u201clos ingenieros militares rusos han limpiado minas en 6,500 hect\u00e1reas de terreno ,1,5 miles Km de carreteras y 19.000 viviendas.\u201d<\/p>\n<p style=\"text-align: justify\">Cabe mencionar que la fuerza a\u00e9rea rusa ha estado involucrada desde septiembre de 2015 a pedido de la Rep\u00fablica \u00c1rabe Siria en apoyar los esfuerzos del Ej\u00e9rcito \u00c1rabe Sirio en su guerra contra las organizaciones terroristas.<\/p>\n<p style=\"text-align: justify\"><span style=\"color: #0000ff\">Ammar H.\/ Riad Sh.<\/span><\/p>\n","protected":false},"excerpt":{"rendered":"<p>Mosc\u00fa-SANA El ministro de Defensa ruso, Sergei Shoygu, renov\u00f3 el llamado por una soluci\u00f3n pol\u00edtica a la crisis en Siria y la necesidad de esfuerzos internacionales para lograr este objetivo y el regreso de los refugiados sirios a sus hogares. &#8220;El gran inter\u00e9s se centra en resolver los problemas humanitarios en Siria y el regreso &hellip;<\/p>\n","protected":false},"author":30,"featured_media":91535,"comment_status":"closed","ping_status":"closed","sticky":false,"template":"","format":"standard","meta":{"footnotes":""},"categories":[597,467,7541],"tags":[13016],"class_list":["post-91534","post","type-post","status-publish","format-standard","has-post-thumbnail","","category-cinta-de-noticias","category-siria-y-el-mundo","category-ultimas-noticias","tag-shoygu-pide-esfuerzos-para-encontrar-una-solucion-politica-a-la-crisis-en-siria-y-al-regreso-de-los-desplazados"],"_links":{"self":[{"href":"https:\/\/archive.sana.sy\/es\/index.php?rest_route=\/wp\/v2\/posts\/91534"}],"collection":[{"href":"https:\/\/archive.sana.sy\/es\/index.php?rest_route=\/wp\/v2\/posts"}],"about":[{"href":"https:\/\/archive.sana.sy\/es\/index.php?rest_route=\/wp\/v2\/types\/post"}],"author":[{"embeddable":true,"href":"https:\/\/archive.sana.sy\/es\/index.php?rest_route=\/wp\/v2\/users\/30"}],"replies":[{"embeddable":true,"href":"https:\/\/archive.sana.sy\/es\/index.php?rest_route=%2Fwp%2Fv2%2Fcomments&post=91534"}],"version-history":[{"count":0,"href":"https:\/\/archive.sana.sy\/es\/index.php?rest_route=\/wp\/v2\/posts\/91534\/revisions"}],"wp:featuredmedia":[{"embeddable":true,"href":"https:\/\/archive.sana.sy\/es\/index.php?rest_route=\/wp\/v2\/media\/91535"}],"wp:attachment":[{"href":"https:\/\/archive.sana.sy\/es\/index.php?rest_route=%2Fwp%2Fv2%2Fmedia&parent=91534"}],"wp:term":[{"taxonomy":"category","embeddable":true,"href":"https:\/\/archive.sana.sy\/es\/index.php?rest_route=%2Fwp%2Fv2%2Fcategories&post=91534"},{"taxonomy":"post_tag","embeddable":true,"href":"https:\/\/archive.sana.sy\/es\/index.php?rest_route=%2Fwp%2Fv2%2Ftags&post=91534"}],"curies":[{"name":"wp","href":"https:\/\/api.w.org\/{rel}","templated":true}]}}