{"id":91537,"date":"2018-10-20T13:52:08","date_gmt":"2018-10-20T10:52:08","guid":{"rendered":"https:\/\/www.sana.sy\/es\/?p=91537"},"modified":"2018-10-20T13:56:40","modified_gmt":"2018-10-20T10:56:40","slug":"los-golaneses-queman-las-tarjetas-electorales-israelies","status":"publish","type":"post","link":"https:\/\/archive.sana.sy\/es\/?p=91537","title":{"rendered":"Los golaneses queman las tarjetas electorales israel\u00edes"},"content":{"rendered":"<p style=\"text-align: justify\"><span style=\"color: #800000\">Quneitera, SANA<\/span><\/p>\n<p style=\"text-align: justify\">Nuestra poblaci\u00f3n en el Gol\u00e1n sirio ocupado realizaron una sentada en la plaza de Majdal Shams durante la cual quemaron las \u201ctarjetas electorales\u201d distribuidas por las autoridades de ocupaci\u00f3n para las llamadas elecciones de \u201cconsejos municipales\u201d, y tambi\u00e9n izaron la bandera nacional siria ante la vista de los soldados de ocupaci\u00f3n, as\u00ed como carteles de rechazo a las pol\u00edticas de judaizaci\u00f3n.<\/p>\n<p style=\"text-align: justify\">Los hijos del Gol\u00e1n ocupado renovaron su rechazo a participar en esas \u201celecciones\u201d por ser una de las manifestaciones de la ocupaci\u00f3n y sus pr\u00e1cticas represivas, y reafirmaron su pertenencia a la madre patria siria y su fe en el fin de la ocupaci\u00f3n tarde o temprano.<\/p>\n<p style=\"text-align: justify\">Igualmente los golaneses anunciaron comenzar su movilizaci\u00f3n popular de rechazo a esas elecciones, la cual durar\u00e1 hasta finales del mes en curso.<\/p>\n<p style=\"text-align: justify\">El prisionero liberado Bishr al-Maqt afirm\u00f3 en una alocuci\u00f3n durante la sentada que todas las medidas de ocupaci\u00f3n son nulas y sin validez legal alguna porque infringen la IV Convenci\u00f3n de Ginebra referente a la protecci\u00f3n de los civiles bajo ocupaci\u00f3n.<br \/>\nEs de recordar que el Ministerio de Exteriores y Expatriados anunci\u00f3 en una fecha anterior el rechazo de Siria a las \u201celecciones de los concejos municipales\u201d en las localidades del Gol\u00e1n sirio ocupado, subrayando que el Gol\u00e1n es una parte indivisible del territorio sirio y volver\u00e1 a la patria tarde o temprano.<\/p>\n<p style=\"text-align: justify\"><span style=\"color: #0000ff\">Riad Sh.\/ Ammar H.<\/span><\/p>\n","protected":false},"excerpt":{"rendered":"<p>Quneitera, SANA Nuestra poblaci\u00f3n en el Gol\u00e1n sirio ocupado realizaron una sentada en la plaza de Majdal Shams durante la cual quemaron las \u201ctarjetas electorales\u201d distribuidas por las autoridades de ocupaci\u00f3n para las llamadas elecciones de \u201cconsejos municipales\u201d, y tambi\u00e9n izaron la bandera nacional siria ante la vista de los soldados de ocupaci\u00f3n, as\u00ed como &hellip;<\/p>\n","protected":false},"author":30,"featured_media":91539,"comment_status":"closed","ping_status":"closed","sticky":false,"template":"","format":"standard","meta":{"footnotes":""},"categories":[597,573,467,7541,1],"tags":[],"class_list":["post-91537","post","type-post","status-publish","format-standard","has-post-thumbnail","","category-cinta-de-noticias","category-la-realidad-de-los-acontecimientos-en-siria","category-siria-y-el-mundo","category-ultimas-noticias","category-news-not-sorted"],"_links":{"self":[{"href":"https:\/\/archive.sana.sy\/es\/index.php?rest_route=\/wp\/v2\/posts\/91537"}],"collection":[{"href":"https:\/\/archive.sana.sy\/es\/index.php?rest_route=\/wp\/v2\/posts"}],"about":[{"href":"https:\/\/archive.sana.sy\/es\/index.php?rest_route=\/wp\/v2\/types\/post"}],"author":[{"embeddable":true,"href":"https:\/\/archive.sana.sy\/es\/index.php?rest_route=\/wp\/v2\/users\/30"}],"replies":[{"embeddable":true,"href":"https:\/\/archive.sana.sy\/es\/index.php?rest_route=%2Fwp%2Fv2%2Fcomments&post=91537"}],"version-history":[{"count":0,"href":"https:\/\/archive.sana.sy\/es\/index.php?rest_route=\/wp\/v2\/posts\/91537\/revisions"}],"wp:featuredmedia":[{"embeddable":true,"href":"https:\/\/archive.sana.sy\/es\/index.php?rest_route=\/wp\/v2\/media\/91539"}],"wp:attachment":[{"href":"https:\/\/archive.sana.sy\/es\/index.php?rest_route=%2Fwp%2Fv2%2Fmedia&parent=91537"}],"wp:term":[{"taxonomy":"category","embeddable":true,"href":"https:\/\/archive.sana.sy\/es\/index.php?rest_route=%2Fwp%2Fv2%2Fcategories&post=91537"},{"taxonomy":"post_tag","embeddable":true,"href":"https:\/\/archive.sana.sy\/es\/index.php?rest_route=%2Fwp%2Fv2%2Ftags&post=91537"}],"curies":[{"name":"wp","href":"https:\/\/api.w.org\/{rel}","templated":true}]}}