{"id":91541,"date":"2018-10-20T14:33:15","date_gmt":"2018-10-20T11:33:15","guid":{"rendered":"https:\/\/www.sana.sy\/es\/?p=91541"},"modified":"2018-10-20T21:59:04","modified_gmt":"2018-10-20T18:59:04","slug":"62-civiles-caen-martires-y-decenas-resultan-heridos-en-una-agresion-aerea-de-la-coalicion-estadounidense","status":"publish","type":"post","link":"https:\/\/archive.sana.sy\/es\/?p=91541","title":{"rendered":"62 civiles caen m\u00e1rtires y decenas resultan heridos en una agresi\u00f3n a\u00e9rea de la \u201cCoalici\u00f3n\u201d estadounidense"},"content":{"rendered":"<p style=\"text-align: justify;\"><span style=\"color: #800000;\">Deir Ezzor, SANA<\/span><\/p>\n<p style=\"text-align: justify;\">La aviaci\u00f3n de la \u201cCoalici\u00f3n Internacional\u201d timoneada por EE.UU. perpetr\u00f3 tres masacres en las cuales cayeron m\u00e1rtires 62 civiles de las aldeas de al-Susa y Bu Badran en la zona de Bukamal situada en el campo sudoriental de la provincia \u00a0\u00a0de Deir Ezzor.<\/p>\n<p style=\"text-align: justify;\">Fuentes civiles\u00a0 informaron al reportero de SANA que aviones de la \u201cCoalici\u00f3n Internacional\u201d bombardearon durante las \u00faltimas 24 horas el poblado de al-Susa en el campo de Bukamal causando la muerte a 15 civiles, entre ellos mujeres y ni\u00f1os; al mismo tiempo otros 37 civiles cayeron m\u00e1rtires y decenas fueron heridos producto de otra incursi\u00f3n, esta vez contra la mezquita de Othman bin Affan.<\/p>\n<p style=\"text-align: justify;\">Las fuentes se\u00f1alaron que una tercera incursi\u00f3n tom\u00f3 por blanco la mezquita de Ammar bin Yasser en la aldea de Bubadran provocando el martirologio de 10 civiles por lo menos y varios heridos, algunos de ellos en estado cr\u00edtico lo que podr\u00eda aumentar el n\u00famero de v\u00edctimas.<\/p>\n<p style=\"text-align: justify;\">Se se\u00f1ala que la aviaci\u00f3n de la \u201cCoalici\u00f3n\u201d aplica desde hace d\u00edas la pol\u00edtica de tierra arrasada con el pretexto de combatir el terrorismo del Daesh, y en este empe\u00f1o bombardea hogares de civiles, mezquitas e infraestructura en aquellas zonas rurales.<\/p>\n<p style=\"text-align: justify;\"><span style=\"color: #0000ff;\">Riad Sh.\/ Ammar H.<\/span><\/p>\n","protected":false},"excerpt":{"rendered":"<p>Deir Ezzor, SANA La aviaci\u00f3n de la \u201cCoalici\u00f3n Internacional\u201d timoneada por EE.UU. perpetr\u00f3 tres masacres en las cuales cayeron m\u00e1rtires 62 civiles de las aldeas de al-Susa y Bu Badran en la zona de Bukamal situada en el campo sudoriental de la provincia \u00a0\u00a0de Deir Ezzor. Fuentes civiles\u00a0 informaron al reportero de SANA que aviones &hellip;<\/p>\n","protected":false},"author":30,"featured_media":91542,"comment_status":"closed","ping_status":"closed","sticky":false,"template":"","format":"standard","meta":{"footnotes":""},"categories":[597,467,7541],"tags":[13017],"class_list":["post-91541","post","type-post","status-publish","format-standard","has-post-thumbnail","","category-cinta-de-noticias","category-siria-y-el-mundo","category-ultimas-noticias","tag-62-civiles-caen-martires-y-decenas-resultan-heridos-en-una-agresion-aerea-de-la-coalicion-estadounidense"],"_links":{"self":[{"href":"https:\/\/archive.sana.sy\/es\/index.php?rest_route=\/wp\/v2\/posts\/91541"}],"collection":[{"href":"https:\/\/archive.sana.sy\/es\/index.php?rest_route=\/wp\/v2\/posts"}],"about":[{"href":"https:\/\/archive.sana.sy\/es\/index.php?rest_route=\/wp\/v2\/types\/post"}],"author":[{"embeddable":true,"href":"https:\/\/archive.sana.sy\/es\/index.php?rest_route=\/wp\/v2\/users\/30"}],"replies":[{"embeddable":true,"href":"https:\/\/archive.sana.sy\/es\/index.php?rest_route=%2Fwp%2Fv2%2Fcomments&post=91541"}],"version-history":[{"count":0,"href":"https:\/\/archive.sana.sy\/es\/index.php?rest_route=\/wp\/v2\/posts\/91541\/revisions"}],"wp:featuredmedia":[{"embeddable":true,"href":"https:\/\/archive.sana.sy\/es\/index.php?rest_route=\/wp\/v2\/media\/91542"}],"wp:attachment":[{"href":"https:\/\/archive.sana.sy\/es\/index.php?rest_route=%2Fwp%2Fv2%2Fmedia&parent=91541"}],"wp:term":[{"taxonomy":"category","embeddable":true,"href":"https:\/\/archive.sana.sy\/es\/index.php?rest_route=%2Fwp%2Fv2%2Fcategories&post=91541"},{"taxonomy":"post_tag","embeddable":true,"href":"https:\/\/archive.sana.sy\/es\/index.php?rest_route=%2Fwp%2Fv2%2Ftags&post=91541"}],"curies":[{"name":"wp","href":"https:\/\/api.w.org\/{rel}","templated":true}]}}