{"id":91617,"date":"2018-10-21T14:08:24","date_gmt":"2018-10-21T11:08:24","guid":{"rendered":"https:\/\/www.sana.sy\/es\/?p=91617"},"modified":"2018-10-21T15:39:27","modified_gmt":"2018-10-21T12:39:27","slug":"damasco-condena-alegaciones-de-la-cancilleria-francesa-sobre-la-ciudad-de-raqqa","status":"publish","type":"post","link":"https:\/\/archive.sana.sy\/es\/?p=91617","title":{"rendered":"Damasco condena alegaciones de la canciller\u00eda francesa sobre la ciudad de Raqqa"},"content":{"rendered":"<p style=\"text-align: justify\"><span style=\"color: #800000\">Damasco, SANA<\/span><\/p>\n<p style=\"text-align: justify\">El Ministerio de Exteriores y Emigrantes conden\u00f3 la campa\u00f1a de mentiras y desinformaci\u00f3n del gobierno franc\u00e9s respecto a la situaci\u00f3n de la ciudad siria de Raqqa.<\/p>\n<p style=\"text-align: justify\">En una declaraci\u00f3n emitida hoy, Canciller\u00eda expres\u00f3 que &#8220;la Rep\u00fablica \u00c1rabe Siria condena en\u00e9rgicamente las falsas alegaciones y la campa\u00f1a de desinformaci\u00f3n contenida en la declaraci\u00f3n del Ministerio de Exteriores de Francia relativo a lo que describi\u00f3 como el aniversario de liberaci\u00f3n de la ciudad de Raqqa&#8221;.<\/p>\n<p style=\"text-align: justify\">La declaraci\u00f3n indic\u00f3 que el apoyo mencionado en la declaraci\u00f3n francesa a algunos grupos armados en Siria evidencia la pol\u00edtica destructiva seguida por el gobierno franc\u00e9s hacia Siria.<\/p>\n<p style=\"text-align: justify\">&#8220;El mundo entero ha sido testigo de la destrucci\u00f3n sistem\u00e1tica y completa de la ciudad de Raqqa por parte de la Coalici\u00f3n Internacional&#8221;, dijo Canciller\u00eda y detall\u00f3 que &#8220;los cuerpos podridos de los inocentes civiles en las calles de la ciudad y el desplazamiento de la poblaci\u00f3n que sobrevivi\u00f3 a los bombardeos y que a\u00fan est\u00e1n sin refugio, hacen que esos cr\u00edmenes lleguen al nivel de genocidio que requiere rendici\u00f3n de cuentas&#8221;.<\/p>\n<p style=\"text-align: justify\">Seg\u00fan acot\u00f3 la declaraci\u00f3n, &#8220;lo que sucedi\u00f3 en Raqqa es un acto de infame y verg\u00fcenza que hace recordar al mundo de la negra historia colonial de Francia, llena de cr\u00edmenes contra los pueblos&#8221;.<\/p>\n<p style=\"text-align: justify\">Canciller\u00eda lanz\u00f3 un llamamiento a la opini\u00f3n p\u00fablica francesa y a los libres del mundo para denunciar y condenar la campa\u00f1a de mentiras francesas, y denunci\u00f3 que el gobierno franc\u00e9s acept\u00f3 ser un peque\u00f1o servil y lacayo de las pol\u00edticas de la administraci\u00f3n estadounidense neg\u00e1ndose as\u00ed al enfoque independentista de Charles Degul que le dio a Francia su lugar y reputaci\u00f3n en el mundo.<\/p>\n<p style=\"text-align: justify\"><span style=\"color: #0000ff\">F. Marouf\/ Dr. A. Shaban<\/span><\/p>\n","protected":false},"excerpt":{"rendered":"<p>Damasco, SANA El Ministerio de Exteriores y Emigrantes conden\u00f3 la campa\u00f1a de mentiras y desinformaci\u00f3n del gobierno franc\u00e9s respecto a la situaci\u00f3n de la ciudad siria de Raqqa. En una declaraci\u00f3n emitida hoy, Canciller\u00eda expres\u00f3 que &#8220;la Rep\u00fablica \u00c1rabe Siria condena en\u00e9rgicamente las falsas alegaciones y la campa\u00f1a de desinformaci\u00f3n contenida en la declaraci\u00f3n del &hellip;<\/p>\n","protected":false},"author":30,"featured_media":91618,"comment_status":"closed","ping_status":"closed","sticky":false,"template":"","format":"standard","meta":{"footnotes":""},"categories":[597,467,583],"tags":[13037],"class_list":["post-91617","post","type-post","status-publish","format-standard","has-post-thumbnail","","category-cinta-de-noticias","category-siria-y-el-mundo","category-slide","tag-damasco-condena-alegaciones-de-la-cancilleria-francesa-sobre-la-ciudad-de-raqqa"],"_links":{"self":[{"href":"https:\/\/archive.sana.sy\/es\/index.php?rest_route=\/wp\/v2\/posts\/91617"}],"collection":[{"href":"https:\/\/archive.sana.sy\/es\/index.php?rest_route=\/wp\/v2\/posts"}],"about":[{"href":"https:\/\/archive.sana.sy\/es\/index.php?rest_route=\/wp\/v2\/types\/post"}],"author":[{"embeddable":true,"href":"https:\/\/archive.sana.sy\/es\/index.php?rest_route=\/wp\/v2\/users\/30"}],"replies":[{"embeddable":true,"href":"https:\/\/archive.sana.sy\/es\/index.php?rest_route=%2Fwp%2Fv2%2Fcomments&post=91617"}],"version-history":[{"count":0,"href":"https:\/\/archive.sana.sy\/es\/index.php?rest_route=\/wp\/v2\/posts\/91617\/revisions"}],"wp:featuredmedia":[{"embeddable":true,"href":"https:\/\/archive.sana.sy\/es\/index.php?rest_route=\/wp\/v2\/media\/91618"}],"wp:attachment":[{"href":"https:\/\/archive.sana.sy\/es\/index.php?rest_route=%2Fwp%2Fv2%2Fmedia&parent=91617"}],"wp:term":[{"taxonomy":"category","embeddable":true,"href":"https:\/\/archive.sana.sy\/es\/index.php?rest_route=%2Fwp%2Fv2%2Fcategories&post=91617"},{"taxonomy":"post_tag","embeddable":true,"href":"https:\/\/archive.sana.sy\/es\/index.php?rest_route=%2Fwp%2Fv2%2Ftags&post=91617"}],"curies":[{"name":"wp","href":"https:\/\/api.w.org\/{rel}","templated":true}]}}