{"id":91649,"date":"2018-10-21T19:09:59","date_gmt":"2018-10-21T16:09:59","guid":{"rendered":"https:\/\/www.sana.sy\/es\/?p=91649"},"modified":"2018-10-21T19:09:59","modified_gmt":"2018-10-21T16:09:59","slug":"indultados-175-armados-que-entregaron-sus-armas-a-las-autoridades-competentes-en-homs","status":"publish","type":"post","link":"https:\/\/archive.sana.sy\/es\/?p=91649","title":{"rendered":"Indultados 175 armados que entregaron sus armas a las autoridades competentes en Homs"},"content":{"rendered":"<p style=\"text-align: justify;\"><span style=\"color: #800000;\">Homs, SANA<\/span><\/p>\n<p style=\"text-align: justify;\">Como parte de las reconciliaciones locales que se est\u00e1n concretando en varias zonas del pa\u00eds, decenas de armados en la provincia de Homs depusieron sus armas y se entregaron a las autoridades militares y judiciales competentes.<\/p>\n<p style=\"text-align: justify;\">Seg\u00fan informaron fuentes en los comit\u00e9s de reconciliaci\u00f3n, 175 armados de la ciudad de Homs y de diferentes poblados del campo norte de la provincia, entregaron sus armas al ej\u00e9rcito, y fueron indultados tras firmar un documento en el que se comprometen a no cometer ning\u00fan delito que afecte la seguridad de la patria y de los ciudadanos.<\/p>\n<p style=\"text-align: justify;\">Las fuentes agregaron que los indultados afirmaron su disposici\u00f3n de contribuir a reconstruir lo destruido por el terrorismo, y llamaron a otros armados a entregarse para que sean indultados de inmediato de acuerdo con las leyes y regulaciones vigentes.<\/p>\n<p style=\"text-align: justify;\"><span style=\"color: #0000ff;\">F. Marouf\/ Ammar H.\u00a0<\/span><\/p>\n<p style=\"text-align: justify;\"><img decoding=\"async\" src=\"https:\/\/www.sana.sy\/wp-content\/uploads\/2018\/10\/2-245.jpg\" \/><\/p>\n<p><img decoding=\"async\" src=\"https:\/\/www.sana.sy\/wp-content\/uploads\/2018\/10\/3-196.jpg\" \/><\/p>\n<p><img decoding=\"async\" src=\"https:\/\/www.sana.sy\/wp-content\/uploads\/2018\/10\/4-155.jpg\" \/><\/p>\n<p style=\"text-align: justify;\">\n","protected":false},"excerpt":{"rendered":"<p>Homs, SANA Como parte de las reconciliaciones locales que se est\u00e1n concretando en varias zonas del pa\u00eds, decenas de armados en la provincia de Homs depusieron sus armas y se entregaron a las autoridades militares y judiciales competentes. Seg\u00fan informaron fuentes en los comit\u00e9s de reconciliaci\u00f3n, 175 armados de la ciudad de Homs y de &hellip;<\/p>\n","protected":false},"author":1,"featured_media":91650,"comment_status":"closed","ping_status":"closed","sticky":false,"template":"","format":"standard","meta":{"footnotes":""},"categories":[597,476,7541],"tags":[13040],"class_list":["post-91649","post","type-post","status-publish","format-standard","has-post-thumbnail","","category-cinta-de-noticias","category-locales","category-ultimas-noticias","tag-indultados-175-armados-que-entregaron-sus-armas-a-las-autoridades-competentes-en-homs"],"_links":{"self":[{"href":"https:\/\/archive.sana.sy\/es\/index.php?rest_route=\/wp\/v2\/posts\/91649"}],"collection":[{"href":"https:\/\/archive.sana.sy\/es\/index.php?rest_route=\/wp\/v2\/posts"}],"about":[{"href":"https:\/\/archive.sana.sy\/es\/index.php?rest_route=\/wp\/v2\/types\/post"}],"author":[{"embeddable":true,"href":"https:\/\/archive.sana.sy\/es\/index.php?rest_route=\/wp\/v2\/users\/1"}],"replies":[{"embeddable":true,"href":"https:\/\/archive.sana.sy\/es\/index.php?rest_route=%2Fwp%2Fv2%2Fcomments&post=91649"}],"version-history":[{"count":0,"href":"https:\/\/archive.sana.sy\/es\/index.php?rest_route=\/wp\/v2\/posts\/91649\/revisions"}],"wp:featuredmedia":[{"embeddable":true,"href":"https:\/\/archive.sana.sy\/es\/index.php?rest_route=\/wp\/v2\/media\/91650"}],"wp:attachment":[{"href":"https:\/\/archive.sana.sy\/es\/index.php?rest_route=%2Fwp%2Fv2%2Fmedia&parent=91649"}],"wp:term":[{"taxonomy":"category","embeddable":true,"href":"https:\/\/archive.sana.sy\/es\/index.php?rest_route=%2Fwp%2Fv2%2Fcategories&post=91649"},{"taxonomy":"post_tag","embeddable":true,"href":"https:\/\/archive.sana.sy\/es\/index.php?rest_route=%2Fwp%2Fv2%2Ftags&post=91649"}],"curies":[{"name":"wp","href":"https:\/\/api.w.org\/{rel}","templated":true}]}}