{"id":91756,"date":"2018-10-23T20:01:05","date_gmt":"2018-10-23T17:01:05","guid":{"rendered":"https:\/\/www.sana.sy\/es\/?p=91756"},"modified":"2023-01-10T15:16:17","modified_gmt":"2023-01-10T13:16:17","slug":"primer-ministro-inicia-visita-de-trabajo-a-las-provincias-de-deir-ezzor-y-raqqa","status":"publish","type":"post","link":"https:\/\/archive.sana.sy\/es\/?p=91756","title":{"rendered":"Primer Ministro inicia visita de trabajo a las provincias de Deir Ezzor y Raqqa"},"content":{"rendered":"<p style=\"text-align: justify\"><span style=\"color: #800000\">Deir Ezzor, SANA<\/span><\/p>\n<p style=\"text-align: justify\">Cumpliendo las indicaciones del presidente Bashar Al-Assad, el primer ministro, Imad Khamis, acompa\u00f1ado por ocho ministros comenz\u00f3 una visita de trabajo a las provincias orientales de Raqqa y Deir Ezzor.<\/p>\n<p style=\"text-align: justify\">La delegaci\u00f3n ministerial inici\u00f3 su recorrido visitando una unidad castrense en el aeropuerto militar de Deir Ezzor, donde el Primer Ministro transmiti\u00f3 a los uniformados sirios el aprecio del presidente al-Assad a los sacrificios que est\u00e1n entregando por la patria.<\/p>\n<p style=\"text-align: justify\">Acto seguido, el jefe del Gabinete inaugur\u00f3 la producci\u00f3n en el yacimiento petrol\u00edfero de Nishan que fue rehabilitado y puesto en funcionamiento inmediatamente despu\u00e9s de la liberaci\u00f3n de la ciudad de Deir Ezzor del terrorismo.<\/p>\n<p style=\"text-align: justify\">La capacidad de producci\u00f3n de dicho yacimiento llega actualmente a 1100 barriles a diario y se trabaja para que alcance su capacidad m\u00e1xima.<\/p>\n<p style=\"text-align: justify\">La delegaci\u00f3n ministerial visit\u00f3 tambi\u00e9n el pueblo de Yafra, donde se reuni\u00f3 con varios agricultores y se puso al tanto de sus necesidades, as\u00ed como inspeccion\u00f3 el proceso de educaci\u00f3n en las escuelas primarias de Subhi Awad y al Yafra al Rifiya.<\/p>\n<p style=\"text-align: justify\">Es de se\u00f1alar que despu\u00e9s de romper el cerco terrorista a la ciudad de Deir Ezzor, el n\u00famero de las escuelas operativas ha aumentado de 36 a 254.<\/p>\n<p style=\"text-align: justify\">La bater\u00eda de ministros inspeccion\u00f3 tambi\u00e9n las obras de rehabilitaci\u00f3n de la infraestructura de la ciudad nororiental, y la situaci\u00f3n del puente de al Siyasiye que vincula las dos orillas del rio \u00c9ufrates con el fin de elaborar un plan para reconstruirlo.<\/p>\n<p style=\"text-align: justify\">En declaraciones a la prensa, Khamis se\u00f1al\u00f3 que esta visita va en el marco de las instrucciones del presidente al-Assad de dar seguimiento a los proyectos de servicio y de desarrollo lanzados por el gobierno despu\u00e9s de la liberaci\u00f3n de la provincia de Deir Ezzor del terrorismo.<\/p>\n<p style=\"text-align: justify\">Inform\u00f3 que 27 mil millones fueron asignados del presupuesto estatal de 2018 para implementar estos proyectos, afirmando que varios de los mismos fueron ejecutados y unos nuevos se lanzar\u00e1n en el proximo a\u00f1o.<\/p>\n<p style=\"text-align: justify\">Por su parte, el ministro de Petr\u00f3leo y Recursos Minerales, Ali Ghanem, se\u00f1al\u00f3 que el Ministerio continuar\u00e1 las obras de rehabilitaci\u00f3n de los yacimientos petrol\u00edferos sin contar con expertos extranjeros, informando que gracias a las experiencias locales la producci\u00f3n en el yacimiento de Nishan se duplic\u00f3, y la producci\u00f3n en los otros seis yacimientos liberados ha rozado cuatro mil barriles diarios.<\/p>\n<p style=\"text-align: justify\">Seg\u00fan recientes cifras gubernamentales, m\u00e1s de 450 mil civiles desplazados volvieron a sus hogares en el campo de la provincia de Deir Ezzor, tras su liberaci\u00f3n a principios de este a\u00f1o de las bandas terroristas del Daesh.<\/p>\n<p style=\"text-align: justify\">La visita del primer ministro abarcar\u00e1 tambi\u00e9n las localidades de la provincia de Raqqa que fueron liberadas por el ej\u00e9rcito sirio en el campo sur y oeste de esta provincia.<\/p>\n<div id='gallery-1' class='gallery galleryid-91756 gallery-columns-3 gallery-size-thumbnail'><figure class='gallery-item'>\n\t\t\t<div class='gallery-icon landscape'>\n\t\t\t\t<a href='https:\/\/archive.sana.sy\/es\/wp-content\/uploads\/2018\/10\/Deir-Ezzor-2.jpg'><img loading=\"lazy\" decoding=\"async\" width=\"150\" height=\"100\" src=\"https:\/\/archive.sana.sy\/es\/wp-content\/uploads\/2018\/10\/Deir-Ezzor-2-150x100.jpg\" class=\"attachment-thumbnail size-thumbnail\" alt=\"\" srcset=\"https:\/\/archive.sana.sy\/es\/wp-content\/uploads\/2018\/10\/Deir-Ezzor-2-150x100.jpg 150w, https:\/\/archive.sana.sy\/es\/wp-content\/uploads\/2018\/10\/Deir-Ezzor-2-300x200.jpg 300w, https:\/\/archive.sana.sy\/es\/wp-content\/uploads\/2018\/10\/Deir-Ezzor-2-768x512.jpg 768w, https:\/\/archive.sana.sy\/es\/wp-content\/uploads\/2018\/10\/Deir-Ezzor-2-1024x683.jpg 1024w, https:\/\/archive.sana.sy\/es\/wp-content\/uploads\/2018\/10\/Deir-Ezzor-2-310x205.jpg 310w, https:\/\/archive.sana.sy\/es\/wp-content\/uploads\/2018\/10\/Deir-Ezzor-2.jpg 1200w\" sizes=\"(max-width: 150px) 100vw, 150px\" \/><\/a>\n\t\t\t<\/div><\/figure><figure class='gallery-item'>\n\t\t\t<div class='gallery-icon landscape'>\n\t\t\t\t<a href='https:\/\/archive.sana.sy\/es\/wp-content\/uploads\/2018\/10\/photo_2018-10-23_14-47-45.jpg'><img loading=\"lazy\" decoding=\"async\" width=\"150\" height=\"100\" src=\"https:\/\/archive.sana.sy\/es\/wp-content\/uploads\/2018\/10\/photo_2018-10-23_14-47-45-150x100.jpg\" class=\"attachment-thumbnail size-thumbnail\" alt=\"\" srcset=\"https:\/\/archive.sana.sy\/es\/wp-content\/uploads\/2018\/10\/photo_2018-10-23_14-47-45-150x100.jpg 150w, https:\/\/archive.sana.sy\/es\/wp-content\/uploads\/2018\/10\/photo_2018-10-23_14-47-45-300x200.jpg 300w, https:\/\/archive.sana.sy\/es\/wp-content\/uploads\/2018\/10\/photo_2018-10-23_14-47-45-768x512.jpg 768w, https:\/\/archive.sana.sy\/es\/wp-content\/uploads\/2018\/10\/photo_2018-10-23_14-47-45-1024x683.jpg 1024w, https:\/\/archive.sana.sy\/es\/wp-content\/uploads\/2018\/10\/photo_2018-10-23_14-47-45-310x205.jpg 310w, https:\/\/archive.sana.sy\/es\/wp-content\/uploads\/2018\/10\/photo_2018-10-23_14-47-45.jpg 1200w\" sizes=\"(max-width: 150px) 100vw, 150px\" \/><\/a>\n\t\t\t<\/div><\/figure><figure class='gallery-item'>\n\t\t\t<div class='gallery-icon landscape'>\n\t\t\t\t<a href='https:\/\/archive.sana.sy\/es\/wp-content\/uploads\/2018\/10\/Deir-Ezzor-3.jpg'><img loading=\"lazy\" decoding=\"async\" width=\"150\" height=\"100\" src=\"https:\/\/archive.sana.sy\/es\/wp-content\/uploads\/2018\/10\/Deir-Ezzor-3-150x100.jpg\" class=\"attachment-thumbnail size-thumbnail\" alt=\"\" srcset=\"https:\/\/archive.sana.sy\/es\/wp-content\/uploads\/2018\/10\/Deir-Ezzor-3-150x100.jpg 150w, https:\/\/archive.sana.sy\/es\/wp-content\/uploads\/2018\/10\/Deir-Ezzor-3-300x200.jpg 300w, https:\/\/archive.sana.sy\/es\/wp-content\/uploads\/2018\/10\/Deir-Ezzor-3-768x512.jpg 768w, https:\/\/archive.sana.sy\/es\/wp-content\/uploads\/2018\/10\/Deir-Ezzor-3-1024x683.jpg 1024w, https:\/\/archive.sana.sy\/es\/wp-content\/uploads\/2018\/10\/Deir-Ezzor-3-310x205.jpg 310w, https:\/\/archive.sana.sy\/es\/wp-content\/uploads\/2018\/10\/Deir-Ezzor-3.jpg 1200w\" sizes=\"(max-width: 150px) 100vw, 150px\" \/><\/a>\n\t\t\t<\/div><\/figure><figure class='gallery-item'>\n\t\t\t<div class='gallery-icon landscape'>\n\t\t\t\t<a href='https:\/\/archive.sana.sy\/es\/wp-content\/uploads\/2018\/10\/Nishan.jpg'><img loading=\"lazy\" decoding=\"async\" width=\"150\" height=\"100\" src=\"https:\/\/archive.sana.sy\/es\/wp-content\/uploads\/2018\/10\/Nishan-150x100.jpg\" class=\"attachment-thumbnail size-thumbnail\" alt=\"\" srcset=\"https:\/\/archive.sana.sy\/es\/wp-content\/uploads\/2018\/10\/Nishan-150x100.jpg 150w, https:\/\/archive.sana.sy\/es\/wp-content\/uploads\/2018\/10\/Nishan-300x200.jpg 300w, https:\/\/archive.sana.sy\/es\/wp-content\/uploads\/2018\/10\/Nishan-768x512.jpg 768w, https:\/\/archive.sana.sy\/es\/wp-content\/uploads\/2018\/10\/Nishan-1024x683.jpg 1024w, https:\/\/archive.sana.sy\/es\/wp-content\/uploads\/2018\/10\/Nishan-310x205.jpg 310w, https:\/\/archive.sana.sy\/es\/wp-content\/uploads\/2018\/10\/Nishan.jpg 1200w\" sizes=\"(max-width: 150px) 100vw, 150px\" \/><\/a>\n\t\t\t<\/div><\/figure><figure class='gallery-item'>\n\t\t\t<div class='gallery-icon landscape'>\n\t\t\t\t<a href='https:\/\/archive.sana.sy\/es\/wp-content\/uploads\/2018\/10\/photo_2018-10-23_14-49-51.jpg'><img loading=\"lazy\" decoding=\"async\" width=\"150\" height=\"100\" src=\"https:\/\/archive.sana.sy\/es\/wp-content\/uploads\/2018\/10\/photo_2018-10-23_14-49-51-150x100.jpg\" class=\"attachment-thumbnail size-thumbnail\" alt=\"\" srcset=\"https:\/\/archive.sana.sy\/es\/wp-content\/uploads\/2018\/10\/photo_2018-10-23_14-49-51-150x100.jpg 150w, https:\/\/archive.sana.sy\/es\/wp-content\/uploads\/2018\/10\/photo_2018-10-23_14-49-51-300x200.jpg 300w, https:\/\/archive.sana.sy\/es\/wp-content\/uploads\/2018\/10\/photo_2018-10-23_14-49-51-768x512.jpg 768w, https:\/\/archive.sana.sy\/es\/wp-content\/uploads\/2018\/10\/photo_2018-10-23_14-49-51-1024x683.jpg 1024w, https:\/\/archive.sana.sy\/es\/wp-content\/uploads\/2018\/10\/photo_2018-10-23_14-49-51-310x205.jpg 310w, https:\/\/archive.sana.sy\/es\/wp-content\/uploads\/2018\/10\/photo_2018-10-23_14-49-51.jpg 1200w\" sizes=\"(max-width: 150px) 100vw, 150px\" \/><\/a>\n\t\t\t<\/div><\/figure><figure class='gallery-item'>\n\t\t\t<div class='gallery-icon landscape'>\n\t\t\t\t<a href='https:\/\/archive.sana.sy\/es\/wp-content\/uploads\/2018\/10\/photo_2018-10-23_14-50-16.jpg'><img loading=\"lazy\" decoding=\"async\" width=\"150\" height=\"100\" src=\"https:\/\/archive.sana.sy\/es\/wp-content\/uploads\/2018\/10\/photo_2018-10-23_14-50-16-150x100.jpg\" class=\"attachment-thumbnail size-thumbnail\" alt=\"\" srcset=\"https:\/\/archive.sana.sy\/es\/wp-content\/uploads\/2018\/10\/photo_2018-10-23_14-50-16-150x100.jpg 150w, https:\/\/archive.sana.sy\/es\/wp-content\/uploads\/2018\/10\/photo_2018-10-23_14-50-16-300x200.jpg 300w, https:\/\/archive.sana.sy\/es\/wp-content\/uploads\/2018\/10\/photo_2018-10-23_14-50-16-768x512.jpg 768w, https:\/\/archive.sana.sy\/es\/wp-content\/uploads\/2018\/10\/photo_2018-10-23_14-50-16-1024x683.jpg 1024w, https:\/\/archive.sana.sy\/es\/wp-content\/uploads\/2018\/10\/photo_2018-10-23_14-50-16-310x205.jpg 310w, https:\/\/archive.sana.sy\/es\/wp-content\/uploads\/2018\/10\/photo_2018-10-23_14-50-16.jpg 1200w\" sizes=\"(max-width: 150px) 100vw, 150px\" \/><\/a>\n\t\t\t<\/div><\/figure><figure class='gallery-item'>\n\t\t\t<div class='gallery-icon landscape'>\n\t\t\t\t<a href='https:\/\/archive.sana.sy\/es\/wp-content\/uploads\/2018\/10\/Deir-Ezzor-4.jpg'><img loading=\"lazy\" decoding=\"async\" width=\"150\" height=\"100\" src=\"https:\/\/archive.sana.sy\/es\/wp-content\/uploads\/2018\/10\/Deir-Ezzor-4-150x100.jpg\" class=\"attachment-thumbnail size-thumbnail\" alt=\"\" srcset=\"https:\/\/archive.sana.sy\/es\/wp-content\/uploads\/2018\/10\/Deir-Ezzor-4-150x100.jpg 150w, https:\/\/archive.sana.sy\/es\/wp-content\/uploads\/2018\/10\/Deir-Ezzor-4-300x200.jpg 300w, https:\/\/archive.sana.sy\/es\/wp-content\/uploads\/2018\/10\/Deir-Ezzor-4-768x512.jpg 768w, https:\/\/archive.sana.sy\/es\/wp-content\/uploads\/2018\/10\/Deir-Ezzor-4-1024x683.jpg 1024w, https:\/\/archive.sana.sy\/es\/wp-content\/uploads\/2018\/10\/Deir-Ezzor-4-310x205.jpg 310w, https:\/\/archive.sana.sy\/es\/wp-content\/uploads\/2018\/10\/Deir-Ezzor-4.jpg 1200w\" sizes=\"(max-width: 150px) 100vw, 150px\" \/><\/a>\n\t\t\t<\/div><\/figure><figure class='gallery-item'>\n\t\t\t<div class='gallery-icon landscape'>\n\t\t\t\t<a href='https:\/\/archive.sana.sy\/es\/wp-content\/uploads\/2018\/10\/Deir-Ezzor-1.jpg'><img loading=\"lazy\" decoding=\"async\" width=\"150\" height=\"100\" src=\"https:\/\/archive.sana.sy\/es\/wp-content\/uploads\/2018\/10\/Deir-Ezzor-1-150x100.jpg\" class=\"attachment-thumbnail size-thumbnail\" alt=\"\" srcset=\"https:\/\/archive.sana.sy\/es\/wp-content\/uploads\/2018\/10\/Deir-Ezzor-1-150x100.jpg 150w, https:\/\/archive.sana.sy\/es\/wp-content\/uploads\/2018\/10\/Deir-Ezzor-1-300x200.jpg 300w, https:\/\/archive.sana.sy\/es\/wp-content\/uploads\/2018\/10\/Deir-Ezzor-1-768x512.jpg 768w, https:\/\/archive.sana.sy\/es\/wp-content\/uploads\/2018\/10\/Deir-Ezzor-1-1024x683.jpg 1024w, https:\/\/archive.sana.sy\/es\/wp-content\/uploads\/2018\/10\/Deir-Ezzor-1-310x205.jpg 310w, https:\/\/archive.sana.sy\/es\/wp-content\/uploads\/2018\/10\/Deir-Ezzor-1.jpg 1200w\" sizes=\"(max-width: 150px) 100vw, 150px\" \/><\/a>\n\t\t\t<\/div><\/figure>\n\t\t<\/div>\n\n<p>&nbsp;<\/p>\n<p style=\"text-align: justify\"><span style=\"color: #0000ff\">F. Marouf \/Ammar H.\/ Lynn A.<\/span><\/p>\n<p style=\"text-align: justify\">\n","protected":false},"excerpt":{"rendered":"<p>Deir Ezzor, SANA Cumpliendo las indicaciones del presidente Bashar Al-Assad, el primer ministro, Imad Khamis, acompa\u00f1ado por ocho ministros comenz\u00f3 una visita de trabajo a las provincias orientales de Raqqa y Deir Ezzor. La delegaci\u00f3n ministerial inici\u00f3 su recorrido visitando una unidad castrense en el aeropuerto militar de Deir Ezzor, donde el Primer Ministro transmiti\u00f3 &hellip;<\/p>\n","protected":false},"author":30,"featured_media":91764,"comment_status":"closed","ping_status":"closed","sticky":false,"template":"","format":"standard","meta":{"footnotes":""},"categories":[597,485,476,583],"tags":[13061],"class_list":["post-91756","post","type-post","status-publish","format-standard","has-post-thumbnail","","category-cinta-de-noticias","category-informes-negocios-y-finanzas","category-locales","category-slide","tag-primer-ministro-inicia-visita-de-trabajo-a-las-provincias-de-deir-ezzor-y-raqqa"],"_links":{"self":[{"href":"https:\/\/archive.sana.sy\/es\/index.php?rest_route=\/wp\/v2\/posts\/91756"}],"collection":[{"href":"https:\/\/archive.sana.sy\/es\/index.php?rest_route=\/wp\/v2\/posts"}],"about":[{"href":"https:\/\/archive.sana.sy\/es\/index.php?rest_route=\/wp\/v2\/types\/post"}],"author":[{"embeddable":true,"href":"https:\/\/archive.sana.sy\/es\/index.php?rest_route=\/wp\/v2\/users\/30"}],"replies":[{"embeddable":true,"href":"https:\/\/archive.sana.sy\/es\/index.php?rest_route=%2Fwp%2Fv2%2Fcomments&post=91756"}],"version-history":[{"count":0,"href":"https:\/\/archive.sana.sy\/es\/index.php?rest_route=\/wp\/v2\/posts\/91756\/revisions"}],"wp:featuredmedia":[{"embeddable":true,"href":"https:\/\/archive.sana.sy\/es\/index.php?rest_route=\/wp\/v2\/media\/91764"}],"wp:attachment":[{"href":"https:\/\/archive.sana.sy\/es\/index.php?rest_route=%2Fwp%2Fv2%2Fmedia&parent=91756"}],"wp:term":[{"taxonomy":"category","embeddable":true,"href":"https:\/\/archive.sana.sy\/es\/index.php?rest_route=%2Fwp%2Fv2%2Fcategories&post=91756"},{"taxonomy":"post_tag","embeddable":true,"href":"https:\/\/archive.sana.sy\/es\/index.php?rest_route=%2Fwp%2Fv2%2Ftags&post=91756"}],"curies":[{"name":"wp","href":"https:\/\/api.w.org\/{rel}","templated":true}]}}