{"id":91785,"date":"2018-10-23T18:32:45","date_gmt":"2018-10-23T15:32:45","guid":{"rendered":"https:\/\/www.sana.sy\/es\/?p=91785"},"modified":"2018-10-23T18:43:02","modified_gmt":"2018-10-23T15:43:02","slug":"ministro-del-interior-aborda-cooperacion-con-director-de-operaciones-del-cicr","status":"publish","type":"post","link":"https:\/\/archive.sana.sy\/es\/?p=91785","title":{"rendered":"Ministro del Interior aborda con Director de Operaciones del CICR cooperaci\u00f3n bilateral"},"content":{"rendered":"<p style=\"text-align: justify\"><span style=\"color: #800000\">Damasco, SANA<\/span><\/p>\n<p style=\"text-align: justify\">El ministro del Interior, general Mohamad al-Shaar, examin\u00f3 este martes con el director de operaciones del Comit\u00e9 Internacional de la Cruz Roja (CICR), Dominik Stillhart, la labor de esta organizaci\u00f3n internacional en Siria y las facilidades que ofrece su ministerio a la misma.<\/p>\n<p style=\"text-align: justify\">El Ministro al-Shaar valor\u00f3 los esfuerzos desempe\u00f1ados por el CICR en materia de la labor humanitaria, reiterando la plena cooperaci\u00f3n de Siria con todas las organizaciones internacionales que operan en dicho campo.<\/p>\n<p style=\"text-align: justify\">Agreg\u00f3 que el gobierno sirio trabaja incesantemente\u00a0para garantizar todas las necesidades de la gente afectada de la guerra terrorista, aludiendo a la importancia de la continuaci\u00f3n de la cooperaci\u00f3n constructiva entre su ministerio y el CICR al respecto.<\/p>\n<p style=\"text-align: justify\">A su vez, Stillhart agradeci\u00f3 los esfuerzos del Ministerio del Interior y el alto nivel de coordinaci\u00f3n con el CICR, manifestando la disposici\u00f3n de su organizaci\u00f3n a ayudar en la gesti\u00f3n de los establecimientos\u00a0penitenciarios en materia sanitaria y de servicios.<\/p>\n<p>&nbsp;<\/p>\n<p style=\"text-align: justify\">Lynn A.<\/p>\n","protected":false},"excerpt":{"rendered":"<p>Damasco, SANA El ministro del Interior, general Mohamad al-Shaar, examin\u00f3 este martes con el director de operaciones del Comit\u00e9 Internacional de la Cruz Roja (CICR), Dominik Stillhart, la labor de esta organizaci\u00f3n internacional en Siria y las facilidades que ofrece su ministerio a la misma. El Ministro al-Shaar valor\u00f3 los esfuerzos desempe\u00f1ados por el CICR &hellip;<\/p>\n","protected":false},"author":24,"featured_media":91786,"comment_status":"closed","ping_status":"closed","sticky":false,"template":"","format":"standard","meta":{"footnotes":""},"categories":[597,476,7541],"tags":[],"class_list":["post-91785","post","type-post","status-publish","format-standard","has-post-thumbnail","","category-cinta-de-noticias","category-locales","category-ultimas-noticias"],"_links":{"self":[{"href":"https:\/\/archive.sana.sy\/es\/index.php?rest_route=\/wp\/v2\/posts\/91785"}],"collection":[{"href":"https:\/\/archive.sana.sy\/es\/index.php?rest_route=\/wp\/v2\/posts"}],"about":[{"href":"https:\/\/archive.sana.sy\/es\/index.php?rest_route=\/wp\/v2\/types\/post"}],"author":[{"embeddable":true,"href":"https:\/\/archive.sana.sy\/es\/index.php?rest_route=\/wp\/v2\/users\/24"}],"replies":[{"embeddable":true,"href":"https:\/\/archive.sana.sy\/es\/index.php?rest_route=%2Fwp%2Fv2%2Fcomments&post=91785"}],"version-history":[{"count":0,"href":"https:\/\/archive.sana.sy\/es\/index.php?rest_route=\/wp\/v2\/posts\/91785\/revisions"}],"wp:featuredmedia":[{"embeddable":true,"href":"https:\/\/archive.sana.sy\/es\/index.php?rest_route=\/wp\/v2\/media\/91786"}],"wp:attachment":[{"href":"https:\/\/archive.sana.sy\/es\/index.php?rest_route=%2Fwp%2Fv2%2Fmedia&parent=91785"}],"wp:term":[{"taxonomy":"category","embeddable":true,"href":"https:\/\/archive.sana.sy\/es\/index.php?rest_route=%2Fwp%2Fv2%2Fcategories&post=91785"},{"taxonomy":"post_tag","embeddable":true,"href":"https:\/\/archive.sana.sy\/es\/index.php?rest_route=%2Fwp%2Fv2%2Ftags&post=91785"}],"curies":[{"name":"wp","href":"https:\/\/api.w.org\/{rel}","templated":true}]}}