{"id":9182,"date":"2014-09-15T18:14:36","date_gmt":"2014-09-15T15:14:36","guid":{"rendered":"http:\/\/www.sana.sy\/es\/?p=9182"},"modified":"2014-09-15T18:14:36","modified_gmt":"2014-09-15T15:14:36","slug":"lavrov-afirma-que-rusia-proporcionara-ayudas-militares-y-otros-tipos-de-ayuda-a-siria-e-irak","status":"publish","type":"post","link":"https:\/\/archive.sana.sy\/es\/?p=9182","title":{"rendered":"Lavrov afirma que Rusia proporcionar\u00e1 ayudas militares y otros tipos de ayuda a Siria e Irak"},"content":{"rendered":"<p>Par\u00eds, SANA<\/p>\n<p>El Ministro ruso de Exterior Serguei Lavrov, asegur\u00f3 que Rusia proporcionar\u00e1 ayudas militares y otros tipos de ayudas a Siria e Irak para combatir el terrorismo.<\/p>\n<p>\u00a8Hemos examinado nuestro apoyo al gobierno iraqu\u00ed en su guerra antiterrorista y como garantizar la seguridad de este pa\u00eds, declar\u00f3 el canciller ruso al margen de una conferencia internacional sobre Irak, que se celebr\u00f3 hoy en Paris.<\/p>\n<p>Lavrov continu\u00f3 diciendo que \u00a8Estamos ofreciendo ayuda militar a Siria entre otras ayudas porque al igual que Irak este pa\u00eds tambi\u00e9n sufre de la amenaza del terrorismo\u00a8.<\/p>\n<p>De igual modo, el alto diplom\u00e1tico ruso anunci\u00f3 que su pa\u00eds propuso una iniciativa que llama a la celebraci\u00f3n de una conferencia internacional para realizar un estudio integral sobre la lucha contra el terrorismo en Oriente Medio y el norte de \u00c1frica en el marco del Consejo de Seguridad.<\/p>\n<p>Hala.B-Yamil K.<\/p>\n","protected":false},"excerpt":{"rendered":"<p>Par\u00eds, SANA El Ministro ruso de Exterior Serguei Lavrov, asegur\u00f3 que Rusia proporcionar\u00e1 ayudas militares y otros tipos de ayudas a Siria e Irak para combatir el terrorismo. \u00a8Hemos examinado nuestro apoyo al gobierno iraqu\u00ed en su guerra antiterrorista y como garantizar la seguridad de este pa\u00eds, declar\u00f3 el canciller ruso al margen de una &hellip;<\/p>\n","protected":false},"author":1,"featured_media":9183,"comment_status":"closed","ping_status":"closed","sticky":false,"template":"","format":"standard","meta":{"footnotes":""},"categories":[597,576],"tags":[],"class_list":["post-9182","post","type-post","status-publish","format-standard","has-post-thumbnail","","category-cinta-de-noticias","category-noticias-politicas"],"_links":{"self":[{"href":"https:\/\/archive.sana.sy\/es\/index.php?rest_route=\/wp\/v2\/posts\/9182"}],"collection":[{"href":"https:\/\/archive.sana.sy\/es\/index.php?rest_route=\/wp\/v2\/posts"}],"about":[{"href":"https:\/\/archive.sana.sy\/es\/index.php?rest_route=\/wp\/v2\/types\/post"}],"author":[{"embeddable":true,"href":"https:\/\/archive.sana.sy\/es\/index.php?rest_route=\/wp\/v2\/users\/1"}],"replies":[{"embeddable":true,"href":"https:\/\/archive.sana.sy\/es\/index.php?rest_route=%2Fwp%2Fv2%2Fcomments&post=9182"}],"version-history":[{"count":0,"href":"https:\/\/archive.sana.sy\/es\/index.php?rest_route=\/wp\/v2\/posts\/9182\/revisions"}],"wp:featuredmedia":[{"embeddable":true,"href":"https:\/\/archive.sana.sy\/es\/index.php?rest_route=\/wp\/v2\/media\/9183"}],"wp:attachment":[{"href":"https:\/\/archive.sana.sy\/es\/index.php?rest_route=%2Fwp%2Fv2%2Fmedia&parent=9182"}],"wp:term":[{"taxonomy":"category","embeddable":true,"href":"https:\/\/archive.sana.sy\/es\/index.php?rest_route=%2Fwp%2Fv2%2Fcategories&post=9182"},{"taxonomy":"post_tag","embeddable":true,"href":"https:\/\/archive.sana.sy\/es\/index.php?rest_route=%2Fwp%2Fv2%2Ftags&post=9182"}],"curies":[{"name":"wp","href":"https:\/\/api.w.org\/{rel}","templated":true}]}}