{"id":9191,"date":"2014-09-15T20:37:40","date_gmt":"2014-09-15T17:37:40","guid":{"rendered":"http:\/\/www.sana.sy\/es\/?p=9191"},"modified":"2014-09-15T21:11:57","modified_gmt":"2014-09-15T18:11:57","slug":"nino-secuestrado-a-manos-de-eiil-relata-su-historia","status":"publish","type":"post","link":"https:\/\/archive.sana.sy\/es\/?p=9191","title":{"rendered":"Ni\u00f1o secuestrado a manos de EIIL relata su historia"},"content":{"rendered":"<p>Damasco-SANA<\/p>\n<p>Mohammad, un ni\u00f1o procedente de la localidad de Ein al-Arab ubicada en la campi\u00f1a norte de Alepo, quien sobrevivi\u00f3 a las atrocidades llevada a cabo por la organizaci\u00f3n terrorista del Estado de Irak y el Levante que lo hab\u00eda secuestrado junto con otros ni\u00f1os en la fecha del 29\/05\/2014.<\/p>\n<p>Mohammad dijo a SANA que despu\u00e9s de haber terminado sus ex\u00e1menes \u00e9l y sus compa\u00f1eros, se dirigieron hacia su ciudad natal en un convoy de autobuses, y en el camino se les hizo tarde y los supervisores decidieron acampar la noche para continuar en la ma\u00f1ana siguiente su viaje hacia la localidad debido a enfrentamientos que ten\u00edan lugar en la carretera entre las fuerzas kurdas y EIIL.<\/p>\n<p>&#8220;Alrededor de las 1:30 de la ma\u00f1ana, un grupo de terroristas nos atac\u00f3. Ellos iban en autom\u00f3viles SUV equipados con ametralladoras\u2026 Procedieron a separar a los ni\u00f1os de las ni\u00f1as\u2026 a las ni\u00f1as las mandaron de regreso a Alepo en los mismos autobuses en las que \u00edbamos, mientras a los varones que \u00e9ramos 148 nos condujeron a la Mezquita de al-Fateh, situada en el\u00a0poblado\u00a0de Menbej &#8220;, dijo.<\/p>\n<p>&#8220;Al d\u00eda siguiente, nos llevaron a una escuela en el mismo poblado donde los terroristas nos sometieron a diferentes tipos de tortura\u2026 nos ataron las manos y nos colgaron por el techo, adem\u00e1s de azotarnos&#8230;Nos obligaron a mirar v\u00eddeos de sus redadas y de c\u00f3mo degollaban y torturaban a las personas, \u00a8agreg\u00f3 Mohammad.<\/p>\n<p>Asimismo cont\u00f3 que \u00e9l y los otros ni\u00f1os vieron a varias personas crucificadas y decapitadas en la plaza del pueblo.<\/p>\n<p>&#8220;Hemos visto una gran cantidad de kurdos que estaban secuestrados por la organizaci\u00f3n terroristas. Eran estudiantes, maestros, ni\u00f1os y figuras sociales conocidas\u00a8, se\u00f1al\u00f3.<\/p>\n<p>Mohammad continu\u00f3 diciendo que despu\u00e9s de una semana de su cautiverio, ellos fueron interrogados por los terroristas, y seg\u00fan \u00e9l 30 ni\u00f1os fueron acusados de ser miembros de las fuerzas de protecci\u00f3n kurdas (PYD), agregando que los sentenciados fueron enviados a una prisi\u00f3n.<\/p>\n<p>\u00a8Los 30 ni\u00f1os fueron devueltos justo antes del comienzo del mes de Ramad\u00e1n y fueron instalados en habitaciones individuales\u00a8, acot\u00f3.<\/p>\n<p>De igual modo cont\u00f3 que despu\u00e9s de un mes de haber estado en cautiverio, 15 de los ni\u00f1os fueron puestos en libertad porque no pod\u00edan soportar las dif\u00edciles condiciones de la prisi\u00f3n, ya que estos ni\u00f1os no eran mayores de 13 a\u00f1os, mientras que los ni\u00f1os entre 14 y 16 se mantuvieron en cautiverio.<\/p>\n<p>&#8220;Antes de Eid al-Fitr, 13 ni\u00f1os escaparon, de quienes tres fueron capturados en Jarablos,\u2026 despu\u00e9s de eso, hubo repetidos intentos de fuga, y un total de 18 ni\u00f1os lograron escapar&#8221;, dijo Mohammad.<\/p>\n<p>A\u00f1adi\u00f3 que los terroristas del EIIL a\u00fan tienen a 102 ni\u00f1os presos, y que se enter\u00f3 de que estos chicos fueron enviados a Irak para ser entrenados a llevar a cabo operaciones suicidas.<\/p>\n<p>Yamil K.-Riyad Sh.<\/p>\n","protected":false},"excerpt":{"rendered":"<p>Damasco-SANA Mohammad, un ni\u00f1o procedente de la localidad de Ein al-Arab ubicada en la campi\u00f1a norte de Alepo, quien sobrevivi\u00f3 a las atrocidades llevada a cabo por la organizaci\u00f3n terrorista del Estado de Irak y el Levante que lo hab\u00eda secuestrado junto con otros ni\u00f1os en la fecha del 29\/05\/2014. Mohammad dijo a SANA que &hellip;<\/p>\n","protected":false},"author":1,"featured_media":9192,"comment_status":"closed","ping_status":"closed","sticky":false,"template":"","format":"standard","meta":{"footnotes":""},"categories":[573,476,576],"tags":[],"class_list":["post-9191","post","type-post","status-publish","format-standard","has-post-thumbnail","","category-la-realidad-de-los-acontecimientos-en-siria","category-locales","category-noticias-politicas"],"_links":{"self":[{"href":"https:\/\/archive.sana.sy\/es\/index.php?rest_route=\/wp\/v2\/posts\/9191"}],"collection":[{"href":"https:\/\/archive.sana.sy\/es\/index.php?rest_route=\/wp\/v2\/posts"}],"about":[{"href":"https:\/\/archive.sana.sy\/es\/index.php?rest_route=\/wp\/v2\/types\/post"}],"author":[{"embeddable":true,"href":"https:\/\/archive.sana.sy\/es\/index.php?rest_route=\/wp\/v2\/users\/1"}],"replies":[{"embeddable":true,"href":"https:\/\/archive.sana.sy\/es\/index.php?rest_route=%2Fwp%2Fv2%2Fcomments&post=9191"}],"version-history":[{"count":0,"href":"https:\/\/archive.sana.sy\/es\/index.php?rest_route=\/wp\/v2\/posts\/9191\/revisions"}],"wp:featuredmedia":[{"embeddable":true,"href":"https:\/\/archive.sana.sy\/es\/index.php?rest_route=\/wp\/v2\/media\/9192"}],"wp:attachment":[{"href":"https:\/\/archive.sana.sy\/es\/index.php?rest_route=%2Fwp%2Fv2%2Fmedia&parent=9191"}],"wp:term":[{"taxonomy":"category","embeddable":true,"href":"https:\/\/archive.sana.sy\/es\/index.php?rest_route=%2Fwp%2Fv2%2Fcategories&post=9191"},{"taxonomy":"post_tag","embeddable":true,"href":"https:\/\/archive.sana.sy\/es\/index.php?rest_route=%2Fwp%2Fv2%2Ftags&post=9191"}],"curies":[{"name":"wp","href":"https:\/\/api.w.org\/{rel}","templated":true}]}}