{"id":91923,"date":"2018-10-25T09:44:03","date_gmt":"2018-10-25T06:44:03","guid":{"rendered":"https:\/\/www.sana.sy\/es\/?p=91923"},"modified":"2018-10-25T09:44:38","modified_gmt":"2018-10-25T06:44:38","slug":"comienzan-actividades-de-la-primera-edicion-de-la-feria-del-libro-infantil","status":"publish","type":"post","link":"https:\/\/archive.sana.sy\/es\/?p=91923","title":{"rendered":"Comienzan actividades de la primera edici\u00f3n de la Feria del Libro Infantil"},"content":{"rendered":"<p style=\"text-align: justify;\"><span style=\"color: #800000;\">Damasco, SANA<\/span><\/p>\n<p style=\"text-align: justify;\">Bajo el patrocinio del Primer Ministro, Imad Khamis, se inaugur\u00f3 este mi\u00e9rcoles en la Biblioteca Nacional en la capital Damasco, la primera edici\u00f3n de la Feria del Libro Infantil.<\/p>\n<p style=\"text-align: justify;\">El evento en el que participan 30 editoriales de Siria, Egipto y el L\u00edbano, es el primero de su tipo en Siria y lo organiza el Ministerio de Cultura bajo el lema: \u201cNi\u00f1o que lee, comunidad que construye\u2019\u2019.<\/p>\n<p style=\"text-align: justify;\">&#8220;Borrar el legado cultural sirio ha sido uno de los objetivos m\u00e1s importantes de la guerra terrorista contra Siria&#8221;, declar\u00f3 el ministro de Cultura, Mohammad Al-Ahmad, durante la apertura de la Feria.<\/p>\n<p style=\"text-align: justify;\">Agreg\u00f3 que &#8220;la respuesta de los creadores sirios a la guerra terrorista ha abarcado todos los niveles, incluido el desarrollo de la memoria cognitiva y cultural del ni\u00f1o para que sea capaz de desempe\u00f1ar su papel en el futuro&#8221;.<\/p>\n<p style=\"text-align: justify;\">Por su parte, la directora de Cultura Infantil en el Ministerio de Cultura, Malak Yassin, coment\u00f3 que &#8220;la Feria es una necesidad humana para nuestros ni\u00f1os, teniendo en cuenta que ellos vivieron la realidad tr\u00e1gica generada por el complot y la guerra contra Siria, y hay que destacar sus habilidades, talentos y capacidades&#8221;.<\/p>\n<p style=\"text-align: justify;\">Thaer Zein Al-Din, director general de la Fundaci\u00f3n del Libro en Siria, dijo que su entidad participa en la feria a trav\u00e9s de 500 publicaciones dedicadas para los ni\u00f1os.<\/p>\n<p style=\"text-align: justify;\">Destac\u00f3 que prestar atenci\u00f3n al ni\u00f1o sirio en esta etapa es una necesidad nacional porque el ni\u00f1o es futuro humano de Siria.<\/p>\n<p style=\"text-align: justify;\">Las editoriales sirias y \u00e1rabes participantes en la Feria presentan a los interesados visitantes sus publicaciones dedicadas para ni\u00f1os como libros, cuentos, revistas, juegos educativos e interactivos, y materiales audiovisuales.<\/p>\n<p style=\"text-align: justify;\">Durante los ocho d\u00edas de la feria, se organizan actividades diarias para ni\u00f1os adem\u00e1s de talleres de dibujo, narraci\u00f3n de cuentos, teatro, cine y literatura infantil, y tambi\u00e9n habr\u00e1 conciertos y pel\u00edculas para ni\u00f1os y encuentros con famosos actores.<\/p>\n<p style=\"text-align: justify;\"><span style=\"color: #0000ff;\">F. Marouf \/Ammar H.<\/span><\/p>\n","protected":false},"excerpt":{"rendered":"<p>Damasco, SANA Bajo el patrocinio del Primer Ministro, Imad Khamis, se inaugur\u00f3 este mi\u00e9rcoles en la Biblioteca Nacional en la capital Damasco, la primera edici\u00f3n de la Feria del Libro Infantil. El evento en el que participan 30 editoriales de Siria, Egipto y el L\u00edbano, es el primero de su tipo en Siria y lo &hellip;<\/p>\n","protected":false},"author":1,"featured_media":91924,"comment_status":"closed","ping_status":"closed","sticky":false,"template":"","format":"standard","meta":{"footnotes":""},"categories":[597,510,476,7541],"tags":[13079],"class_list":["post-91923","post","type-post","status-publish","format-standard","has-post-thumbnail","","category-cinta-de-noticias","category-arte-y-cultura","category-locales","category-ultimas-noticias","tag-comienzan-actividades-de-la-primera-edicion-de-la-feria-del-libro-infantil"],"_links":{"self":[{"href":"https:\/\/archive.sana.sy\/es\/index.php?rest_route=\/wp\/v2\/posts\/91923"}],"collection":[{"href":"https:\/\/archive.sana.sy\/es\/index.php?rest_route=\/wp\/v2\/posts"}],"about":[{"href":"https:\/\/archive.sana.sy\/es\/index.php?rest_route=\/wp\/v2\/types\/post"}],"author":[{"embeddable":true,"href":"https:\/\/archive.sana.sy\/es\/index.php?rest_route=\/wp\/v2\/users\/1"}],"replies":[{"embeddable":true,"href":"https:\/\/archive.sana.sy\/es\/index.php?rest_route=%2Fwp%2Fv2%2Fcomments&post=91923"}],"version-history":[{"count":0,"href":"https:\/\/archive.sana.sy\/es\/index.php?rest_route=\/wp\/v2\/posts\/91923\/revisions"}],"wp:featuredmedia":[{"embeddable":true,"href":"https:\/\/archive.sana.sy\/es\/index.php?rest_route=\/wp\/v2\/media\/91924"}],"wp:attachment":[{"href":"https:\/\/archive.sana.sy\/es\/index.php?rest_route=%2Fwp%2Fv2%2Fmedia&parent=91923"}],"wp:term":[{"taxonomy":"category","embeddable":true,"href":"https:\/\/archive.sana.sy\/es\/index.php?rest_route=%2Fwp%2Fv2%2Fcategories&post=91923"},{"taxonomy":"post_tag","embeddable":true,"href":"https:\/\/archive.sana.sy\/es\/index.php?rest_route=%2Fwp%2Fv2%2Ftags&post=91923"}],"curies":[{"name":"wp","href":"https:\/\/api.w.org\/{rel}","templated":true}]}}