{"id":91926,"date":"2018-10-25T09:47:48","date_gmt":"2018-10-25T06:47:48","guid":{"rendered":"https:\/\/www.sana.sy\/es\/?p=91926"},"modified":"2018-10-25T09:47:48","modified_gmt":"2018-10-25T06:47:48","slug":"putin-llama-a-unir-esfuerzos-para-solucionar-la-crisis-en-siria","status":"publish","type":"post","link":"https:\/\/archive.sana.sy\/es\/?p=91926","title":{"rendered":"Putin llama a unir esfuerzos para solucionar la crisis en Siria"},"content":{"rendered":"<p style=\"text-align: justify;\"><span style=\"color: #800000;\">Mosc\u00fa, SANA<\/span><\/p>\n<p style=\"text-align: justify;\">El presidente ruso, Vladimir Putin, reiter\u00f3 la necesidad de unir los esfuerzos internacionales para resolver la crisis en Siria y facilitar el retorno de los desplazados por el terrorismo a su pa\u00eds.<\/p>\n<p style=\"text-align: justify;\">En una rueda de prensa conjunta con el primer ministro italiano, Giuseppe Conte, en Mosc\u00fa, el l\u00edder ruso dijo: &#8220;la reconstrucci\u00f3n de la econom\u00eda siria crea atm\u00f3sfera y condiciones adecuadas para el retorno de los refugiados y aliviar la presi\u00f3n sobre los pa\u00edses vecinos&#8221;.<\/p>\n<p style=\"text-align: justify;\">A\u00f1adi\u00f3 que Mosc\u00fa apoya los esfuerzos de Roma &#8220;destinados a colaborar a la soluci\u00f3n en Libia, en particular la iniciativa de celebrar el 12 y 13 de noviembre en Palermo la conferencia internacional sobre Libia&#8221;.<\/p>\n<p style=\"text-align: justify;\">Vlad\u00edmir Putin destac\u00f3 que en Libia sigue reinando la crisis, e inst\u00f3 a impedir que se agudice la situaci\u00f3n, as\u00ed a como a buscar las oportunidades de restablecer la soberan\u00eda del pa\u00eds.<\/p>\n<p style=\"text-align: justify;\"><span style=\"color: #0000ff;\">F. Marouf \/Ammar H.<\/span><\/p>\n","protected":false},"excerpt":{"rendered":"<p>Mosc\u00fa, SANA El presidente ruso, Vladimir Putin, reiter\u00f3 la necesidad de unir los esfuerzos internacionales para resolver la crisis en Siria y facilitar el retorno de los desplazados por el terrorismo a su pa\u00eds. En una rueda de prensa conjunta con el primer ministro italiano, Giuseppe Conte, en Mosc\u00fa, el l\u00edder ruso dijo: &#8220;la reconstrucci\u00f3n &hellip;<\/p>\n","protected":false},"author":1,"featured_media":91927,"comment_status":"closed","ping_status":"closed","sticky":false,"template":"","format":"standard","meta":{"footnotes":""},"categories":[597,467,7541],"tags":[13080],"class_list":["post-91926","post","type-post","status-publish","format-standard","has-post-thumbnail","","category-cinta-de-noticias","category-siria-y-el-mundo","category-ultimas-noticias","tag-putin-llama-a-unir-esfuerzos-para-solucionar-la-crisis-en-siria"],"_links":{"self":[{"href":"https:\/\/archive.sana.sy\/es\/index.php?rest_route=\/wp\/v2\/posts\/91926"}],"collection":[{"href":"https:\/\/archive.sana.sy\/es\/index.php?rest_route=\/wp\/v2\/posts"}],"about":[{"href":"https:\/\/archive.sana.sy\/es\/index.php?rest_route=\/wp\/v2\/types\/post"}],"author":[{"embeddable":true,"href":"https:\/\/archive.sana.sy\/es\/index.php?rest_route=\/wp\/v2\/users\/1"}],"replies":[{"embeddable":true,"href":"https:\/\/archive.sana.sy\/es\/index.php?rest_route=%2Fwp%2Fv2%2Fcomments&post=91926"}],"version-history":[{"count":0,"href":"https:\/\/archive.sana.sy\/es\/index.php?rest_route=\/wp\/v2\/posts\/91926\/revisions"}],"wp:featuredmedia":[{"embeddable":true,"href":"https:\/\/archive.sana.sy\/es\/index.php?rest_route=\/wp\/v2\/media\/91927"}],"wp:attachment":[{"href":"https:\/\/archive.sana.sy\/es\/index.php?rest_route=%2Fwp%2Fv2%2Fmedia&parent=91926"}],"wp:term":[{"taxonomy":"category","embeddable":true,"href":"https:\/\/archive.sana.sy\/es\/index.php?rest_route=%2Fwp%2Fv2%2Fcategories&post=91926"},{"taxonomy":"post_tag","embeddable":true,"href":"https:\/\/archive.sana.sy\/es\/index.php?rest_route=%2Fwp%2Fv2%2Ftags&post=91926"}],"curies":[{"name":"wp","href":"https:\/\/api.w.org\/{rel}","templated":true}]}}