{"id":91932,"date":"2018-10-25T10:26:47","date_gmt":"2018-10-25T07:26:47","guid":{"rendered":"https:\/\/www.sana.sy\/es\/?p=91932"},"modified":"2023-01-10T15:10:20","modified_gmt":"2023-01-10T13:10:20","slug":"empresas-espanoles-expresan-disposicion-de-invertir-en-la-reconstruccion-de-siria","status":"publish","type":"post","link":"https:\/\/archive.sana.sy\/es\/?p=91932","title":{"rendered":"Empresas espa\u00f1oles expresan disposici\u00f3n de invertir en la reconstrucci\u00f3n de Siria"},"content":{"rendered":"<p style=\"text-align: justify;\"><span style=\"color: #800000;\">Madrid, SANA<\/span><\/p>\n<p style=\"text-align: justify;\">Un grupo de empresas espa\u00f1oles anunci\u00f3 su apoyo a Siria en su guerra contra el terrorismo y su disposici\u00f3n de apoyar la econom\u00eda siria y participar en el proceso de reconstrucci\u00f3n.<\/p>\n<p style=\"text-align: justify;\">El anuncio se realiz\u00f3 durante una visita de representantes de empresas comerciales e inversionistas de Madrid, M\u00e1laga, Marbella, Sevilla y Lyon, junto a hombres de negocios sirios de la Liga de Empresarios Sirio-espa\u00f1oles en Madrid, a la sede de la Embajada de Siria en Espa\u00f1a.<\/p>\n<p style=\"text-align: justify;\">Los empresarios espa\u00f1oles manifestaron su deseo de visitar a Siria para estar al tanto de la situaci\u00f3n econ\u00f3mica, mejorar las relaciones bancarias y participar en la reconstrucci\u00f3n del pa\u00eds.<\/p>\n<p style=\"text-align: justify;\">El grupo de empresarios representa a compa\u00f1\u00edas especializadas en los mercados financieros y bancarios, en las importaciones y exportaciones y en el sector de la Inmobiliaria.<\/p>\n<p style=\"text-align: justify;\">El embajador sirio en Madrid, Milad Aitah, denunci\u00f3 el negativo rol de las medidas econ\u00f3micas unilaterales impuestas por la UE a Siria en agravar el sufrimiento del pueblo sirio, y destac\u00f3 que el gobierno sirio ya ha comenzado el proceso de reconstrucci\u00f3n en las zonas liberadas del terrorismo.<\/p>\n<p style=\"text-align: justify;\"><span style=\"color: #0000ff;\">F. Marouf \/Ammar H.<\/span><\/p>\n","protected":false},"excerpt":{"rendered":"<p>Madrid, SANA Un grupo de empresas espa\u00f1oles anunci\u00f3 su apoyo a Siria en su guerra contra el terrorismo y su disposici\u00f3n de apoyar la econom\u00eda siria y participar en el proceso de reconstrucci\u00f3n. El anuncio se realiz\u00f3 durante una visita de representantes de empresas comerciales e inversionistas de Madrid, M\u00e1laga, Marbella, Sevilla y Lyon, junto &hellip;<\/p>\n","protected":false},"author":1,"featured_media":91934,"comment_status":"closed","ping_status":"closed","sticky":false,"template":"","format":"standard","meta":{"footnotes":""},"categories":[597,485,467,7541],"tags":[13082],"class_list":["post-91932","post","type-post","status-publish","format-standard","has-post-thumbnail","","category-cinta-de-noticias","category-informes-negocios-y-finanzas","category-siria-y-el-mundo","category-ultimas-noticias","tag-empresas-espanoles-expresan-disposicion-de-invertir-en-la-reconstruccion-de-siria"],"_links":{"self":[{"href":"https:\/\/archive.sana.sy\/es\/index.php?rest_route=\/wp\/v2\/posts\/91932"}],"collection":[{"href":"https:\/\/archive.sana.sy\/es\/index.php?rest_route=\/wp\/v2\/posts"}],"about":[{"href":"https:\/\/archive.sana.sy\/es\/index.php?rest_route=\/wp\/v2\/types\/post"}],"author":[{"embeddable":true,"href":"https:\/\/archive.sana.sy\/es\/index.php?rest_route=\/wp\/v2\/users\/1"}],"replies":[{"embeddable":true,"href":"https:\/\/archive.sana.sy\/es\/index.php?rest_route=%2Fwp%2Fv2%2Fcomments&post=91932"}],"version-history":[{"count":0,"href":"https:\/\/archive.sana.sy\/es\/index.php?rest_route=\/wp\/v2\/posts\/91932\/revisions"}],"wp:featuredmedia":[{"embeddable":true,"href":"https:\/\/archive.sana.sy\/es\/index.php?rest_route=\/wp\/v2\/media\/91934"}],"wp:attachment":[{"href":"https:\/\/archive.sana.sy\/es\/index.php?rest_route=%2Fwp%2Fv2%2Fmedia&parent=91932"}],"wp:term":[{"taxonomy":"category","embeddable":true,"href":"https:\/\/archive.sana.sy\/es\/index.php?rest_route=%2Fwp%2Fv2%2Fcategories&post=91932"},{"taxonomy":"post_tag","embeddable":true,"href":"https:\/\/archive.sana.sy\/es\/index.php?rest_route=%2Fwp%2Fv2%2Ftags&post=91932"}],"curies":[{"name":"wp","href":"https:\/\/api.w.org\/{rel}","templated":true}]}}