{"id":9198,"date":"2014-09-15T16:55:44","date_gmt":"2014-09-15T13:55:44","guid":{"rendered":"http:\/\/www.sana.sy\/es\/?p=9198"},"modified":"2014-09-15T20:59:26","modified_gmt":"2014-09-15T17:59:26","slug":"onu-retira-un-numero-de-sus-cascos-azules-del-golan","status":"publish","type":"post","link":"https:\/\/archive.sana.sy\/es\/?p=9198","title":{"rendered":"ONU retira un n\u00famero de sus cascos azules del Gol\u00e1n"},"content":{"rendered":"<p>ONU-SANA<\/p>\n<p>La Organizaci\u00f3n de las Naciones Unidas anunci\u00f3 hoy que ha retirado a un n\u00famero de sus soldados pertenecientes a la fuerza de observaci\u00f3n de la separaci\u00f3n UNDOF de varios puestos\u00a0de la regi\u00f3n del Gol\u00e1n sirio.<\/p>\n<p>AP cit\u00f3 al portavoz adjunto de las Naciones Unidas Farhan Haq diciendo que debido al deterioro de la situaci\u00f3n en la regi\u00f3n, la ONU decidi\u00f3 evacuar a varios cascos azules de sus puestos, agregando que \u00e9l no cree que todos los sitios de la fuerza hayan sido evacuados.<\/p>\n<p>Yamil K.<\/p>\n","protected":false},"excerpt":{"rendered":"<p>ONU-SANA La Organizaci\u00f3n de las Naciones Unidas anunci\u00f3 hoy que ha retirado a un n\u00famero de sus soldados pertenecientes a la fuerza de observaci\u00f3n de la separaci\u00f3n UNDOF de varios puestos\u00a0de la regi\u00f3n del Gol\u00e1n sirio. AP cit\u00f3 al portavoz adjunto de las Naciones Unidas Farhan Haq diciendo que debido al deterioro de la situaci\u00f3n &hellip;<\/p>\n","protected":false},"author":1,"featured_media":9199,"comment_status":"closed","ping_status":"closed","sticky":false,"template":"","format":"standard","meta":{"footnotes":""},"categories":[456,576],"tags":[],"class_list":["post-9198","post","type-post","status-publish","format-standard","has-post-thumbnail","","category-arabe-internacional-politica","category-noticias-politicas"],"_links":{"self":[{"href":"https:\/\/archive.sana.sy\/es\/index.php?rest_route=\/wp\/v2\/posts\/9198"}],"collection":[{"href":"https:\/\/archive.sana.sy\/es\/index.php?rest_route=\/wp\/v2\/posts"}],"about":[{"href":"https:\/\/archive.sana.sy\/es\/index.php?rest_route=\/wp\/v2\/types\/post"}],"author":[{"embeddable":true,"href":"https:\/\/archive.sana.sy\/es\/index.php?rest_route=\/wp\/v2\/users\/1"}],"replies":[{"embeddable":true,"href":"https:\/\/archive.sana.sy\/es\/index.php?rest_route=%2Fwp%2Fv2%2Fcomments&post=9198"}],"version-history":[{"count":0,"href":"https:\/\/archive.sana.sy\/es\/index.php?rest_route=\/wp\/v2\/posts\/9198\/revisions"}],"wp:featuredmedia":[{"embeddable":true,"href":"https:\/\/archive.sana.sy\/es\/index.php?rest_route=\/wp\/v2\/media\/9199"}],"wp:attachment":[{"href":"https:\/\/archive.sana.sy\/es\/index.php?rest_route=%2Fwp%2Fv2%2Fmedia&parent=9198"}],"wp:term":[{"taxonomy":"category","embeddable":true,"href":"https:\/\/archive.sana.sy\/es\/index.php?rest_route=%2Fwp%2Fv2%2Fcategories&post=9198"},{"taxonomy":"post_tag","embeddable":true,"href":"https:\/\/archive.sana.sy\/es\/index.php?rest_route=%2Fwp%2Fv2%2Ftags&post=9198"}],"curies":[{"name":"wp","href":"https:\/\/api.w.org\/{rel}","templated":true}]}}