{"id":92041,"date":"2018-10-25T15:41:40","date_gmt":"2018-10-25T12:41:40","guid":{"rendered":"https:\/\/www.sana.sy\/es\/?p=92041"},"modified":"2023-01-10T15:10:20","modified_gmt":"2023-01-10T13:10:20","slug":"destacada-participacion-siria-en-el-foro-mundial-de-mujeres-empresarias","status":"publish","type":"post","link":"https:\/\/archive.sana.sy\/es\/?p=92041","title":{"rendered":"Destacada participaci\u00f3n siria en el Foro Mundial de Mujeres Empresarias"},"content":{"rendered":"<p style=\"text-align: justify\"><span style=\"color: #800000\">Mosc\u00fa, SANA<\/span><\/p>\n<p style=\"text-align: justify\">Concluyeron hoy en la capital Mosc\u00fa, las actividades del 66\u00aa Periodo del Foro Mundial de Mujeres Empresarias, que cont\u00f3 con la participaci\u00f3n de una delegaci\u00f3n siria.<\/p>\n<p style=\"text-align: justify\">El Foro hab\u00eda comenzado sus sesiones el d\u00eda 22 de este mes con la participaci\u00f3n de mujeres de 42 pa\u00edses.<\/p>\n<p style=\"text-align: justify\">Los debates durante el foro se centraron en el papel de la mujer en la construcci\u00f3n de un mundo contempor\u00e1neo, especialmente su participaci\u00f3n en la vida econ\u00f3mica de su sociedad y contribuir al proceso de desarrollo e innovaci\u00f3n en todos los campos de la vida.<\/p>\n<p style=\"text-align: justify\">En una declaraci\u00f3n a SANA, Mar\u00eda Christine, presidenta de la Federaci\u00f3n Mundial de Mujeres Empresarias, expres\u00f3 su agradecimiento por la presencia y la activa participaci\u00f3n de las mujeres sirias, y agreg\u00f3 que \u201cel futuro de Siria y su pueblo ser\u00e1 brillante gracias a la energ\u00eda que mostraron las mujeres sirias.<\/p>\n<p style=\"text-align: justify\">Precis\u00f3 que la mujer siria mostr\u00f3 fuerza y determinaci\u00f3n a pesar de todos los dolores y heridas de la guerra.<\/p>\n<p style=\"text-align: justify\">A su vez, Tatiana Giovleva, la presidenta de la Federaci\u00f3n Rusa de Mujeres Empresarias dijo: &#8220;Siria siempre ha sido un pa\u00eds importante en Medio Oriente y ha desempe\u00f1ado un papel destacado, y hoy las mujeres sirias vinieron a Mosc\u00fa para participar en este foro y transmitir a las mujeres del mundo las preocupaciones y \u00e9xitos de la mujer siria que trabajan en el campo de la industria, el comercio y la cultura\u201d.<\/p>\n<p style=\"text-align: justify\"><span style=\"color: #0000ff\">Ammar H.\/ F. Marouf<\/span><\/p>\n","protected":false},"excerpt":{"rendered":"<p>Mosc\u00fa, SANA Concluyeron hoy en la capital Mosc\u00fa, las actividades del 66\u00aa Periodo del Foro Mundial de Mujeres Empresarias, que cont\u00f3 con la participaci\u00f3n de una delegaci\u00f3n siria. El Foro hab\u00eda comenzado sus sesiones el d\u00eda 22 de este mes con la participaci\u00f3n de mujeres de 42 pa\u00edses. Los debates durante el foro se centraron &hellip;<\/p>\n","protected":false},"author":30,"featured_media":92042,"comment_status":"closed","ping_status":"closed","sticky":false,"template":"","format":"standard","meta":{"footnotes":""},"categories":[597,485,467,7541],"tags":[13091],"class_list":["post-92041","post","type-post","status-publish","format-standard","has-post-thumbnail","","category-cinta-de-noticias","category-informes-negocios-y-finanzas","category-siria-y-el-mundo","category-ultimas-noticias","tag-destacada-participacion-siria-en-el-foro-mundial-de-mujeres-empresarias"],"_links":{"self":[{"href":"https:\/\/archive.sana.sy\/es\/index.php?rest_route=\/wp\/v2\/posts\/92041"}],"collection":[{"href":"https:\/\/archive.sana.sy\/es\/index.php?rest_route=\/wp\/v2\/posts"}],"about":[{"href":"https:\/\/archive.sana.sy\/es\/index.php?rest_route=\/wp\/v2\/types\/post"}],"author":[{"embeddable":true,"href":"https:\/\/archive.sana.sy\/es\/index.php?rest_route=\/wp\/v2\/users\/30"}],"replies":[{"embeddable":true,"href":"https:\/\/archive.sana.sy\/es\/index.php?rest_route=%2Fwp%2Fv2%2Fcomments&post=92041"}],"version-history":[{"count":0,"href":"https:\/\/archive.sana.sy\/es\/index.php?rest_route=\/wp\/v2\/posts\/92041\/revisions"}],"wp:featuredmedia":[{"embeddable":true,"href":"https:\/\/archive.sana.sy\/es\/index.php?rest_route=\/wp\/v2\/media\/92042"}],"wp:attachment":[{"href":"https:\/\/archive.sana.sy\/es\/index.php?rest_route=%2Fwp%2Fv2%2Fmedia&parent=92041"}],"wp:term":[{"taxonomy":"category","embeddable":true,"href":"https:\/\/archive.sana.sy\/es\/index.php?rest_route=%2Fwp%2Fv2%2Fcategories&post=92041"},{"taxonomy":"post_tag","embeddable":true,"href":"https:\/\/archive.sana.sy\/es\/index.php?rest_route=%2Fwp%2Fv2%2Ftags&post=92041"}],"curies":[{"name":"wp","href":"https:\/\/api.w.org\/{rel}","templated":true}]}}