{"id":92110,"date":"2018-10-26T14:16:02","date_gmt":"2018-10-26T12:16:02","guid":{"rendered":"https:\/\/www.sana.sy\/es\/?p=92110"},"modified":"2018-10-26T14:16:02","modified_gmt":"2018-10-26T12:16:02","slug":"peskov-la-cumbre-cuadripartita-de-estambul-se-centrara-en-la-solucion-politica-a-la-crisis-en-siria","status":"publish","type":"post","link":"https:\/\/archive.sana.sy\/es\/?p=92110","title":{"rendered":"Peskov: la cumbre cuadripartita de Estambul se centrar\u00e1 en la soluci\u00f3n pol\u00edtica a la crisis en Siria"},"content":{"rendered":"<p style=\"text-align: justify\"><span style=\"color: #800000\">Mosc\u00fa, SANA<\/span><\/p>\n<p style=\"text-align: justify\">El portavoz de la presidencia rusa Dimitry Peskov reiter\u00f3 la necesidad de continuar los esfuerzos para llegar a una soluci\u00f3n pol\u00edtica a la crisis en Siria.<\/p>\n<p style=\"text-align: justify\">Peskov dijo en un comunicado a la prensa que \u201clos pa\u00edses participantes de la cumbre cuadripartita en Estambul ma\u00f1ana (Rusia, Francia, Alemania, Ir\u00e1n) est\u00e1n totalmente de acuerdo para encontrar una soluci\u00f3n pol\u00edtica a la crisis en Siria, pero se diferencian en las perspectivas sobre los mecanismos y las t\u00e1cticas adecuadas para lograrlo, considerando que no hay desacuerdos sobre el objetivo com\u00fan sino en el enfoque.<\/p>\n<p style=\"text-align: justify\">\u201cDurante la cumbre habr\u00e1 intercambio de opiniones sobre la situaci\u00f3n en Siria, en particular apoyar el proceso de soluci\u00f3n pol\u00edtica y tomar m\u00e1s medidas para fortalecer la seguridad y la estabilidad en Siria, adem\u00e1s de facilitar el retorno de los desplazados y rehabilitar la infraestructura econ\u00f3mica y social en el pa\u00eds &#8220;.<\/p>\n<p style=\"text-align: justify\">Es de recordar que Peskov confirm\u00f3 el 19 de este mes que el presidente ruso, Vladimir Putin, participar\u00e1 en la cumbre cuadripartita sobre Siria que se celebrar\u00e1 en Estambul ma\u00f1ana, se\u00f1alando que no se deben esperar imprevistos ni decisiones dr\u00e1sticas.<\/p>\n<p style=\"text-align: justify\"><span style=\"color: #0000ff\">Ammar H.\/ Riad Sh.<\/span><\/p>\n","protected":false},"excerpt":{"rendered":"<p>Mosc\u00fa, SANA El portavoz de la presidencia rusa Dimitry Peskov reiter\u00f3 la necesidad de continuar los esfuerzos para llegar a una soluci\u00f3n pol\u00edtica a la crisis en Siria. Peskov dijo en un comunicado a la prensa que \u201clos pa\u00edses participantes de la cumbre cuadripartita en Estambul ma\u00f1ana (Rusia, Francia, Alemania, Ir\u00e1n) est\u00e1n totalmente de acuerdo &hellip;<\/p>\n","protected":false},"author":30,"featured_media":92111,"comment_status":"closed","ping_status":"closed","sticky":false,"template":"","format":"standard","meta":{"footnotes":""},"categories":[597,467,7541],"tags":[13102],"class_list":["post-92110","post","type-post","status-publish","format-standard","has-post-thumbnail","","category-cinta-de-noticias","category-siria-y-el-mundo","category-ultimas-noticias","tag-peskov-la-cumbre-cuadripartita-de-estambul-se-centrara-en-la-solucion-politica-a-la-crisis-en-siria"],"_links":{"self":[{"href":"https:\/\/archive.sana.sy\/es\/index.php?rest_route=\/wp\/v2\/posts\/92110"}],"collection":[{"href":"https:\/\/archive.sana.sy\/es\/index.php?rest_route=\/wp\/v2\/posts"}],"about":[{"href":"https:\/\/archive.sana.sy\/es\/index.php?rest_route=\/wp\/v2\/types\/post"}],"author":[{"embeddable":true,"href":"https:\/\/archive.sana.sy\/es\/index.php?rest_route=\/wp\/v2\/users\/30"}],"replies":[{"embeddable":true,"href":"https:\/\/archive.sana.sy\/es\/index.php?rest_route=%2Fwp%2Fv2%2Fcomments&post=92110"}],"version-history":[{"count":0,"href":"https:\/\/archive.sana.sy\/es\/index.php?rest_route=\/wp\/v2\/posts\/92110\/revisions"}],"wp:featuredmedia":[{"embeddable":true,"href":"https:\/\/archive.sana.sy\/es\/index.php?rest_route=\/wp\/v2\/media\/92111"}],"wp:attachment":[{"href":"https:\/\/archive.sana.sy\/es\/index.php?rest_route=%2Fwp%2Fv2%2Fmedia&parent=92110"}],"wp:term":[{"taxonomy":"category","embeddable":true,"href":"https:\/\/archive.sana.sy\/es\/index.php?rest_route=%2Fwp%2Fv2%2Fcategories&post=92110"},{"taxonomy":"post_tag","embeddable":true,"href":"https:\/\/archive.sana.sy\/es\/index.php?rest_route=%2Fwp%2Fv2%2Ftags&post=92110"}],"curies":[{"name":"wp","href":"https:\/\/api.w.org\/{rel}","templated":true}]}}