{"id":92114,"date":"2018-10-26T21:32:50","date_gmt":"2018-10-26T19:32:50","guid":{"rendered":"https:\/\/www.sana.sy\/es\/?p=92114"},"modified":"2018-10-26T22:20:40","modified_gmt":"2018-10-26T20:20:40","slug":"al-jaafari-el-estado-sirio-esta-decidido-a-restaurar-su-soberania-en-idleb-cuando-lo-considere-oportuno","status":"publish","type":"post","link":"https:\/\/archive.sana.sy\/es\/?p=92114","title":{"rendered":"Al Jaafari: el Estado sirio est\u00e1 decidido a restaurar su soberan\u00eda en Idleb"},"content":{"rendered":"<p style=\"text-align: justify;\"><span style=\"color: #800000;\">Nueva York, SANA<\/span><\/p>\n<p style=\"text-align: justify;\">El embajador de Siria ante la ONU, Bashar al Jaafari, reiter\u00f3 la determinaci\u00f3n de Siria de restaurar su soberan\u00eda en el pleno territorio de la provincia de Idleb, asegurando que el Estado sirio no permitir\u00e1 que esta provincia se convierta a nuevas cuevas de los terroristas.<\/p>\n<p style=\"text-align: justify;\">En su intervenci\u00f3n durante una sesi\u00f3n del Consejo de Seguridad de la ONU sostenida este viernes para debatir la situaci\u00f3n en Oriente Medio, al Jaafari destac\u00f3 que Idleb es una parte querida de Siria, y el Estado sirio est\u00e1 decidido a \u201cretomar Idleb y restaurar su soberan\u00eda en la misma cuando lo considere oportuno\u201d, lo cual es un derecho garantizado por la Carta de la ONU y el Derecho Internacional. En este contexto, hizo hincapi\u00e9 en la necesidad de dar chance al trabajo diplom\u00e1tico acerca de Idleb, al mismo tiempo recalc\u00f3 que el Estado sirio no permitir\u00e1 que esta provincia se convierta a nuevas cuevas de Tora Bora.<\/p>\n<p style=\"text-align: justify;\">Denunci\u00f3 el doble moral aplicado por los pa\u00edses occidentales respecto a Idleb, pues estos que han lanzado amenazas so pretexto de su preocupaci\u00f3n por la vida los civiles en esta provincia siria, no han movido un solo dedo hacia los morterazos disparados el mi\u00e9rcoles pasado contra la ciudad de Alepo, los cuales causaron decenas de v\u00edctimas mortales y heridos, o hacia la masacre cometida el viernes pasado por la aviaci\u00f3n de la ileg\u00edtima alianza liderada por EEUU contra los pueblos de al Susa y al Bubadran en el campo suroeste de Deir Ezzor, la cual se cobr\u00f3 la vida de al menos 62 civiles, ni\u00f1os y mujeres en su gran mayor\u00eda.<\/p>\n<p style=\"text-align: justify;\">Al Jaafari reiter\u00f3 la plena cooperaci\u00f3n y coordinaci\u00f3n del Estado sirio con las Naciones Unidas, y asever\u00f3 que el mismo sigue teniendo inter\u00e9s en garantizar el \u00e9xito de la misi\u00f3n del enviado especial de la ONU para Siria, puesto que este \u00e9xito ser\u00e1 a favor de los intereses del pueblo sirio.<\/p>\n<p style=\"text-align: justify;\">Acerca del Comit\u00e9 Constitucional, al Jaafari se\u00f1al\u00f3 que el gobierno sirio fue la primera parte en entregar la lista con los nombres de las personalidades secundadas por el Estado sirio a este comit\u00e9, y esto partiendo de su convicci\u00f3n en el papel de las Naciones Unidas en orientar el di\u00e1logo sirio sirio y no en imponer su mandato sobre este proceso.<\/p>\n<p style=\"text-align: justify;\">Destac\u00f3 que la idea de crear este comit\u00e9 surgi\u00f3 por los propios sirios en el Congreso para el Di\u00e1logo Nacional intersirio en Sochi, ni por el enviado especial de la ONU ni en las reuniones de Ginebra ni siquiera en Astan\u00e1.<\/p>\n<p style=\"text-align: justify;\">Reiter\u00f3 que la creaci\u00f3n de un comit\u00e9 constitucional que refleja la sociedad siria y responde a sus aspiraciones es uno de los senderos que salvar\u00e1 a Siria de la crisis, agregando que Siria est\u00e1 convencida en la necesidad de coordinar con los garantes ruso e iran\u00ed para llegar a soluciones estudiadas a las cuestiones que garanticen la creaci\u00f3n de dicho comit\u00e9.<\/p>\n<p style=\"text-align: justify;\">\u201cSiria tiene fe en el papel de la ONU que se basa en la ley y repudia la fuerza y la intervenci\u00f3n en los asuntos internos de los pa\u00edses\u201d, sostuvo al Jaafari, explicando que la creaci\u00f3n de un campamento militar por un pa\u00eds miembro de la ONU en la zona siria de al Tanef se considera una flagrante violaci\u00f3n de la Carta de esta organizaci\u00f3n internacional.<\/p>\n<p style=\"text-align: justify;\"><span style=\"color: #0000ff;\">Lynn A.\u00a0<\/span><\/p>\n","protected":false},"excerpt":{"rendered":"<p>Nueva York, SANA El embajador de Siria ante la ONU, Bashar al Jaafari, reiter\u00f3 la determinaci\u00f3n de Siria de restaurar su soberan\u00eda en el pleno territorio de la provincia de Idleb, asegurando que el Estado sirio no permitir\u00e1 que esta provincia se convierta a nuevas cuevas de los terroristas. En su intervenci\u00f3n durante una sesi\u00f3n &hellip;<\/p>\n","protected":false},"author":1,"featured_media":92115,"comment_status":"closed","ping_status":"closed","sticky":false,"template":"","format":"standard","meta":{"footnotes":""},"categories":[597,467,583],"tags":[13103],"class_list":["post-92114","post","type-post","status-publish","format-standard","has-post-thumbnail","","category-cinta-de-noticias","category-siria-y-el-mundo","category-slide","tag-al-jaafari-el-estado-sirio-esta-decidido-a-restaurar-su-soberania-en-idleb-cuando-lo-considere-oportuno"],"_links":{"self":[{"href":"https:\/\/archive.sana.sy\/es\/index.php?rest_route=\/wp\/v2\/posts\/92114"}],"collection":[{"href":"https:\/\/archive.sana.sy\/es\/index.php?rest_route=\/wp\/v2\/posts"}],"about":[{"href":"https:\/\/archive.sana.sy\/es\/index.php?rest_route=\/wp\/v2\/types\/post"}],"author":[{"embeddable":true,"href":"https:\/\/archive.sana.sy\/es\/index.php?rest_route=\/wp\/v2\/users\/1"}],"replies":[{"embeddable":true,"href":"https:\/\/archive.sana.sy\/es\/index.php?rest_route=%2Fwp%2Fv2%2Fcomments&post=92114"}],"version-history":[{"count":0,"href":"https:\/\/archive.sana.sy\/es\/index.php?rest_route=\/wp\/v2\/posts\/92114\/revisions"}],"wp:featuredmedia":[{"embeddable":true,"href":"https:\/\/archive.sana.sy\/es\/index.php?rest_route=\/wp\/v2\/media\/92115"}],"wp:attachment":[{"href":"https:\/\/archive.sana.sy\/es\/index.php?rest_route=%2Fwp%2Fv2%2Fmedia&parent=92114"}],"wp:term":[{"taxonomy":"category","embeddable":true,"href":"https:\/\/archive.sana.sy\/es\/index.php?rest_route=%2Fwp%2Fv2%2Fcategories&post=92114"},{"taxonomy":"post_tag","embeddable":true,"href":"https:\/\/archive.sana.sy\/es\/index.php?rest_route=%2Fwp%2Fv2%2Ftags&post=92114"}],"curies":[{"name":"wp","href":"https:\/\/api.w.org\/{rel}","templated":true}]}}