{"id":92121,"date":"2018-10-26T22:49:29","date_gmt":"2018-10-26T20:49:29","guid":{"rendered":"https:\/\/www.sana.sy\/es\/?p=92121"},"modified":"2018-10-26T22:49:29","modified_gmt":"2018-10-26T20:49:29","slug":"rusia-advierte-a-occidente-sobre-atizar-intencionalmente-a-la-crisis-en-siria","status":"publish","type":"post","link":"https:\/\/archive.sana.sy\/es\/?p=92121","title":{"rendered":"Rusia advierte a Occidente sobre atizar intencionalmente a la crisis en Siria"},"content":{"rendered":"<p style=\"text-align: justify;\"><span style=\"color: #800000;\">Nueva York, SANA<\/span><\/p>\n<p style=\"text-align: justify;\">El embajador de Rusia ante la ONU, Vasily Nebenzya, advirti\u00f3 a los pa\u00edses occidentales sobre sus pretensiones de atizar intencionalmente la crisis en Siria con el fin de lograr intereses sospechosas.<\/p>\n<p style=\"text-align: justify;\">Durante una sesi\u00f3n del Consejo de Seguridad convocada hoy el viernes para debatir la situaci\u00f3n en el Oriente Medio, el embajador ruso aludi\u00f3 al alcance de un progreso en Siria, fustigando que hay pa\u00edses que est\u00e1n esperando una oportunidad para criticar a Mosc\u00fa, lo que ser\u00e1 un crimen que afectar\u00e1 negativamente el proceso pol\u00edtico en Siria.<\/p>\n<p style=\"text-align: justify;\">Afirm\u00f3 que resulta imposible imponer un Comit\u00e9 Constitucional con condiciones que contradicen la voluntad de los propios sirios.<\/p>\n<p style=\"text-align: justify;\">Expres\u00f3 su esperanza de que el enviado especial de la ONU para Siria, Staffan de Mistura, desempe\u00f1e el m\u00e1ximo de sus esfuerzos antes del t\u00e9rmino de su mandato en cuanto al proceso pol\u00edtico en Siria, en el marco de sus competencias y respetando la plena soberan\u00eda de esta naci\u00f3n.<\/p>\n<p style=\"text-align: justify;\"><span style=\"color: #0000ff;\">Lynn A.<\/span><\/p>\n","protected":false},"excerpt":{"rendered":"<p>Nueva York, SANA El embajador de Rusia ante la ONU, Vasily Nebenzya, advirti\u00f3 a los pa\u00edses occidentales sobre sus pretensiones de atizar intencionalmente la crisis en Siria con el fin de lograr intereses sospechosas. Durante una sesi\u00f3n del Consejo de Seguridad convocada hoy el viernes para debatir la situaci\u00f3n en el Oriente Medio, el embajador &hellip;<\/p>\n","protected":false},"author":1,"featured_media":92123,"comment_status":"closed","ping_status":"closed","sticky":false,"template":"","format":"standard","meta":{"footnotes":""},"categories":[597,467,7541],"tags":[13104],"class_list":["post-92121","post","type-post","status-publish","format-standard","has-post-thumbnail","","category-cinta-de-noticias","category-siria-y-el-mundo","category-ultimas-noticias","tag-rusia-advierte-a-occidente-sobre-atizar-intencionalmente-a-la-crisis-en-siria"],"_links":{"self":[{"href":"https:\/\/archive.sana.sy\/es\/index.php?rest_route=\/wp\/v2\/posts\/92121"}],"collection":[{"href":"https:\/\/archive.sana.sy\/es\/index.php?rest_route=\/wp\/v2\/posts"}],"about":[{"href":"https:\/\/archive.sana.sy\/es\/index.php?rest_route=\/wp\/v2\/types\/post"}],"author":[{"embeddable":true,"href":"https:\/\/archive.sana.sy\/es\/index.php?rest_route=\/wp\/v2\/users\/1"}],"replies":[{"embeddable":true,"href":"https:\/\/archive.sana.sy\/es\/index.php?rest_route=%2Fwp%2Fv2%2Fcomments&post=92121"}],"version-history":[{"count":0,"href":"https:\/\/archive.sana.sy\/es\/index.php?rest_route=\/wp\/v2\/posts\/92121\/revisions"}],"wp:featuredmedia":[{"embeddable":true,"href":"https:\/\/archive.sana.sy\/es\/index.php?rest_route=\/wp\/v2\/media\/92123"}],"wp:attachment":[{"href":"https:\/\/archive.sana.sy\/es\/index.php?rest_route=%2Fwp%2Fv2%2Fmedia&parent=92121"}],"wp:term":[{"taxonomy":"category","embeddable":true,"href":"https:\/\/archive.sana.sy\/es\/index.php?rest_route=%2Fwp%2Fv2%2Fcategories&post=92121"},{"taxonomy":"post_tag","embeddable":true,"href":"https:\/\/archive.sana.sy\/es\/index.php?rest_route=%2Fwp%2Fv2%2Ftags&post=92121"}],"curies":[{"name":"wp","href":"https:\/\/api.w.org\/{rel}","templated":true}]}}