{"id":93446,"date":"2018-11-10T17:31:22","date_gmt":"2018-11-10T15:31:22","guid":{"rendered":"https:\/\/www.sana.sy\/es\/?p=93446"},"modified":"2018-11-10T22:16:25","modified_gmt":"2018-11-10T20:16:25","slug":"ministro-de-asuntos-presidenciales-felicita-a-los-secuestradores-de-sweida-por-su-liberacion-y-ofrece-sus-condolencias-a-los-martires-caidos-durante-el-secuestro","status":"publish","type":"post","link":"https:\/\/archive.sana.sy\/es\/?p=93446","title":{"rendered":"Azzam felicita por la liberaci\u00f3n de los secuestrados de Sweida que estaban en manos del Daesh"},"content":{"rendered":"<p style=\"text-align: justify;\"><span style=\"color: #800000;\">Sweida, SANA<\/span><\/p>\n<p style=\"text-align: justify;\">En nombre del presidente Bashar al-Assad, el ministro de Asuntos Presidenciales, Mansour Azzam, ofreci\u00f3 sus condolencias a las familias de los civiles secuestrados y asesinados por el Daesh, y particip\u00f3 en un funeral y una ceremonia de duelo celebrada en el pueblo de Shabki en el campo este de Sweida.<\/p>\n<p style=\"text-align: justify;\">Por otro lado, el ministro Azzam transmiti\u00f3 tambi\u00e9n en nombre del presidente al-Assad, las felicitaciones a las familias de los secuestrados liberados de las garras de los terroristas del \u201cDaesh\u201d.<\/p>\n<p style=\"text-align: justify;\">Las familias de los m\u00e1rtires y de los secuestrados liberados agradecieron al presidente y aseguraron que desde los primeros momentos ten\u00edan plena confianza de que el ej\u00e9rcito lo iba a liberar.<\/p>\n<p style=\"text-align: justify;\">En un operativo especial, una fuerza de \u00e9lite del Ej\u00e9rcito sirio hab\u00eda chocado con un grupo de terroristas del &#8220;Daesh&#8221; que ten\u00edan secuestradas a mujeres y ni\u00f1as de la provincia de Sweida.<\/p>\n<p style=\"text-align: justify;\">Tras duro y violento combate, los soldados sirios lograron liberaron a todos los secuestrados y eliminar a los terroristas.<\/p>\n<p style=\"text-align: justify;\">Cinco poblados en el campo este de la provincia de Sweida fueron invadidos por terroristas del Daesh en julio pasado, donde masacraron a decenas de civiles y secuestraron a otros, en su mayor\u00eda de mujeres y ni\u00f1os.<\/p>\n<p style=\"text-align: justify;\"><span style=\"color: #0000ff;\">A. H.\/ R. Sh.\/ F. M.\/ R. R.<\/span><\/p>\n<div id='gallery-1' class='gallery galleryid-93446 gallery-columns-3 gallery-size-thumbnail'><figure class='gallery-item'>\n\t\t\t<div class='gallery-icon landscape'>\n\t\t\t\t<a href='https:\/\/archive.sana.sy\/es\/?attachment_id=93456'><img loading=\"lazy\" decoding=\"async\" width=\"150\" height=\"96\" src=\"https:\/\/archive.sana.sy\/es\/wp-content\/uploads\/2018\/11\/111-150x96.jpg\" class=\"attachment-thumbnail size-thumbnail\" alt=\"\" srcset=\"https:\/\/archive.sana.sy\/es\/wp-content\/uploads\/2018\/11\/111-150x96.jpg 150w, https:\/\/archive.sana.sy\/es\/wp-content\/uploads\/2018\/11\/111-300x192.jpg 300w, https:\/\/archive.sana.sy\/es\/wp-content\/uploads\/2018\/11\/111.jpg 660w\" sizes=\"(max-width: 150px) 100vw, 150px\" \/><\/a>\n\t\t\t<\/div><\/figure><figure class='gallery-item'>\n\t\t\t<div class='gallery-icon landscape'>\n\t\t\t\t<a href='https:\/\/archive.sana.sy\/es\/?attachment_id=93457'><img loading=\"lazy\" decoding=\"async\" width=\"150\" height=\"93\" src=\"https:\/\/archive.sana.sy\/es\/wp-content\/uploads\/2018\/11\/222-150x93.jpg\" class=\"attachment-thumbnail size-thumbnail\" alt=\"\" srcset=\"https:\/\/archive.sana.sy\/es\/wp-content\/uploads\/2018\/11\/222-150x93.jpg 150w, https:\/\/archive.sana.sy\/es\/wp-content\/uploads\/2018\/11\/222-300x185.jpg 300w, https:\/\/archive.sana.sy\/es\/wp-content\/uploads\/2018\/11\/222.jpg 660w\" sizes=\"(max-width: 150px) 100vw, 150px\" \/><\/a>\n\t\t\t<\/div><\/figure><figure class='gallery-item'>\n\t\t\t<div class='gallery-icon landscape'>\n\t\t\t\t<a href='https:\/\/archive.sana.sy\/es\/?attachment_id=93458'><img loading=\"lazy\" decoding=\"async\" width=\"150\" height=\"93\" src=\"https:\/\/archive.sana.sy\/es\/wp-content\/uploads\/2018\/11\/333-150x93.jpg\" class=\"attachment-thumbnail size-thumbnail\" alt=\"\" srcset=\"https:\/\/archive.sana.sy\/es\/wp-content\/uploads\/2018\/11\/333-150x93.jpg 150w, https:\/\/archive.sana.sy\/es\/wp-content\/uploads\/2018\/11\/333-300x187.jpg 300w, https:\/\/archive.sana.sy\/es\/wp-content\/uploads\/2018\/11\/333.jpg 660w\" sizes=\"(max-width: 150px) 100vw, 150px\" \/><\/a>\n\t\t\t<\/div><\/figure><figure class='gallery-item'>\n\t\t\t<div class='gallery-icon landscape'>\n\t\t\t\t<a href='https:\/\/archive.sana.sy\/es\/?attachment_id=93459'><img loading=\"lazy\" decoding=\"async\" width=\"150\" height=\"93\" src=\"https:\/\/archive.sana.sy\/es\/wp-content\/uploads\/2018\/11\/444-150x93.jpg\" class=\"attachment-thumbnail size-thumbnail\" alt=\"\" srcset=\"https:\/\/archive.sana.sy\/es\/wp-content\/uploads\/2018\/11\/444-150x93.jpg 150w, https:\/\/archive.sana.sy\/es\/wp-content\/uploads\/2018\/11\/444-300x187.jpg 300w, https:\/\/archive.sana.sy\/es\/wp-content\/uploads\/2018\/11\/444.jpg 660w\" sizes=\"(max-width: 150px) 100vw, 150px\" \/><\/a>\n\t\t\t<\/div><\/figure><figure class='gallery-item'>\n\t\t\t<div class='gallery-icon landscape'>\n\t\t\t\t<a href='https:\/\/archive.sana.sy\/es\/?attachment_id=93460'><img loading=\"lazy\" decoding=\"async\" width=\"150\" height=\"87\" src=\"https:\/\/archive.sana.sy\/es\/wp-content\/uploads\/2018\/11\/555-150x87.jpg\" class=\"attachment-thumbnail size-thumbnail\" alt=\"\" srcset=\"https:\/\/archive.sana.sy\/es\/wp-content\/uploads\/2018\/11\/555-150x87.jpg 150w, https:\/\/archive.sana.sy\/es\/wp-content\/uploads\/2018\/11\/555-300x173.jpg 300w, https:\/\/archive.sana.sy\/es\/wp-content\/uploads\/2018\/11\/555.jpg 660w\" sizes=\"(max-width: 150px) 100vw, 150px\" \/><\/a>\n\t\t\t<\/div><\/figure><figure class='gallery-item'>\n\t\t\t<div class='gallery-icon landscape'>\n\t\t\t\t<a href='https:\/\/archive.sana.sy\/es\/?attachment_id=93461'><img loading=\"lazy\" decoding=\"async\" width=\"150\" height=\"87\" src=\"https:\/\/archive.sana.sy\/es\/wp-content\/uploads\/2018\/11\/666-150x87.jpg\" class=\"attachment-thumbnail size-thumbnail\" alt=\"\" srcset=\"https:\/\/archive.sana.sy\/es\/wp-content\/uploads\/2018\/11\/666-150x87.jpg 150w, https:\/\/archive.sana.sy\/es\/wp-content\/uploads\/2018\/11\/666-300x175.jpg 300w, https:\/\/archive.sana.sy\/es\/wp-content\/uploads\/2018\/11\/666.jpg 660w\" sizes=\"(max-width: 150px) 100vw, 150px\" \/><\/a>\n\t\t\t<\/div><\/figure><figure class='gallery-item'>\n\t\t\t<div class='gallery-icon landscape'>\n\t\t\t\t<a href='https:\/\/archive.sana.sy\/es\/?attachment_id=93462'><img loading=\"lazy\" decoding=\"async\" width=\"150\" height=\"94\" src=\"https:\/\/archive.sana.sy\/es\/wp-content\/uploads\/2018\/11\/777-150x94.jpg\" class=\"attachment-thumbnail size-thumbnail\" alt=\"\" srcset=\"https:\/\/archive.sana.sy\/es\/wp-content\/uploads\/2018\/11\/777-150x94.jpg 150w, https:\/\/archive.sana.sy\/es\/wp-content\/uploads\/2018\/11\/777-300x187.jpg 300w, https:\/\/archive.sana.sy\/es\/wp-content\/uploads\/2018\/11\/777.jpg 660w\" sizes=\"(max-width: 150px) 100vw, 150px\" \/><\/a>\n\t\t\t<\/div><\/figure><figure class='gallery-item'>\n\t\t\t<div class='gallery-icon landscape'>\n\t\t\t\t<a href='https:\/\/archive.sana.sy\/es\/?attachment_id=93463'><img loading=\"lazy\" decoding=\"async\" width=\"150\" height=\"95\" src=\"https:\/\/archive.sana.sy\/es\/wp-content\/uploads\/2018\/11\/888-150x95.jpg\" class=\"attachment-thumbnail size-thumbnail\" alt=\"\" srcset=\"https:\/\/archive.sana.sy\/es\/wp-content\/uploads\/2018\/11\/888-150x95.jpg 150w, https:\/\/archive.sana.sy\/es\/wp-content\/uploads\/2018\/11\/888-300x190.jpg 300w, https:\/\/archive.sana.sy\/es\/wp-content\/uploads\/2018\/11\/888.jpg 660w\" sizes=\"(max-width: 150px) 100vw, 150px\" \/><\/a>\n\t\t\t<\/div><\/figure>\n\t\t<\/div>\n\n","protected":false},"excerpt":{"rendered":"<p>Sweida, SANA En nombre del presidente Bashar al-Assad, el ministro de Asuntos Presidenciales, Mansour Azzam, ofreci\u00f3 sus condolencias a las familias de los civiles secuestrados y asesinados por el Daesh, y particip\u00f3 en un funeral y una ceremonia de duelo celebrada en el pueblo de Shabki en el campo este de Sweida. Por otro lado, &hellip;<\/p>\n","protected":false},"author":30,"featured_media":93447,"comment_status":"closed","ping_status":"closed","sticky":false,"template":"","format":"standard","meta":{"footnotes":""},"categories":[597,573,583],"tags":[13298],"class_list":["post-93446","post","type-post","status-publish","format-standard","has-post-thumbnail","","category-cinta-de-noticias","category-la-realidad-de-los-acontecimientos-en-siria","category-slide","tag-azzam-felicita-por-la-liberacion-de-los-secuestrados-de-sweida-que-estaban-en-manos-del-daesh"],"_links":{"self":[{"href":"https:\/\/archive.sana.sy\/es\/index.php?rest_route=\/wp\/v2\/posts\/93446"}],"collection":[{"href":"https:\/\/archive.sana.sy\/es\/index.php?rest_route=\/wp\/v2\/posts"}],"about":[{"href":"https:\/\/archive.sana.sy\/es\/index.php?rest_route=\/wp\/v2\/types\/post"}],"author":[{"embeddable":true,"href":"https:\/\/archive.sana.sy\/es\/index.php?rest_route=\/wp\/v2\/users\/30"}],"replies":[{"embeddable":true,"href":"https:\/\/archive.sana.sy\/es\/index.php?rest_route=%2Fwp%2Fv2%2Fcomments&post=93446"}],"version-history":[{"count":0,"href":"https:\/\/archive.sana.sy\/es\/index.php?rest_route=\/wp\/v2\/posts\/93446\/revisions"}],"wp:featuredmedia":[{"embeddable":true,"href":"https:\/\/archive.sana.sy\/es\/index.php?rest_route=\/wp\/v2\/media\/93447"}],"wp:attachment":[{"href":"https:\/\/archive.sana.sy\/es\/index.php?rest_route=%2Fwp%2Fv2%2Fmedia&parent=93446"}],"wp:term":[{"taxonomy":"category","embeddable":true,"href":"https:\/\/archive.sana.sy\/es\/index.php?rest_route=%2Fwp%2Fv2%2Fcategories&post=93446"},{"taxonomy":"post_tag","embeddable":true,"href":"https:\/\/archive.sana.sy\/es\/index.php?rest_route=%2Fwp%2Fv2%2Ftags&post=93446"}],"curies":[{"name":"wp","href":"https:\/\/api.w.org\/{rel}","templated":true}]}}