{"id":93468,"date":"2018-11-10T21:41:44","date_gmt":"2018-11-10T19:41:44","guid":{"rendered":"https:\/\/www.sana.sy\/es\/?p=93468"},"modified":"2023-01-10T15:16:12","modified_gmt":"2023-01-10T13:16:12","slug":"21-empresas-sirias-participan-en-la-feria-internacional-de-bagdad-en-su-45a-edicion","status":"publish","type":"post","link":"https:\/\/archive.sana.sy\/es\/?p=93468","title":{"rendered":"21 Empresas sirias participan en la Feria Internacional de Bagdad en su 45\u00aa edici\u00f3n"},"content":{"rendered":"<p style=\"text-align: justify;\"><span style=\"color: #800000;\">Bagdad, SANA<\/span><\/p>\n<p style=\"text-align: justify;\">Veintiuna empresas sirias participan en la Feria Internacional de Bagdad en su 45\u00aa edici\u00f3n, que comenz\u00f3 hoy con la participaci\u00f3n de 18 pa\u00edses.<\/p>\n<p style=\"text-align: justify;\">El pabell\u00f3n de Siria incluye empresas especializadas en las industrias de alimentos, qu\u00edmica y de confecci\u00f3n de ropas.<br \/>\nEn una declaraci\u00f3n a SANA, el jefe de la Uni\u00f3n de Exportadores, Mohamed Al-Sawah, quien encabeza la delegaci\u00f3n siria participante en la Feria, destac\u00f3 el inter\u00e9s de nuestro pa\u00eds en participar en todas las actividades econ\u00f3micas en Irak, especialmente en las exhibiciones de productos iraqu\u00edes y en las exposiciones especializadas sirias en Irak, se\u00f1alando que el mercado iraqu\u00ed es el destino m\u00e1s importante para los productos sirios.<\/p>\n<p style=\"text-align: justify;\">Al-Sawah explic\u00f3 que el productor, industrial y exportador sirios est\u00e1n dispuestos a estar presentes en el mercado iraqu\u00ed, especialmente despu\u00e9s de la apertura del cruce de Naseeb, que es la arteria del flujo de mercanc\u00edas hacia Irak y que ya los exportadores pueden entregar f\u00e1cilmente sus productos al centro de exportaci\u00f3n permanente en Bagdad a un costo de env\u00edo m\u00e1s bajo gracias al actual subsidio gubernamental.<\/p>\n<p style=\"text-align: justify;\"><span style=\"color: #0000ff;\">A. H.\/ R. Sh.\/ R. R.\u00a0<\/span><\/p>\n<div id='gallery-1' class='gallery galleryid-93468 gallery-columns-3 gallery-size-thumbnail'><figure class='gallery-item'>\n\t\t\t<div class='gallery-icon landscape'>\n\t\t\t\t<a href='https:\/\/archive.sana.sy\/es\/wp-content\/uploads\/2018\/11\/B1.jpg'><img loading=\"lazy\" decoding=\"async\" width=\"150\" height=\"113\" src=\"https:\/\/archive.sana.sy\/es\/wp-content\/uploads\/2018\/11\/B1-150x113.jpg\" class=\"attachment-thumbnail size-thumbnail\" alt=\"\" srcset=\"https:\/\/archive.sana.sy\/es\/wp-content\/uploads\/2018\/11\/B1-150x113.jpg 150w, https:\/\/archive.sana.sy\/es\/wp-content\/uploads\/2018\/11\/B1-300x225.jpg 300w, https:\/\/archive.sana.sy\/es\/wp-content\/uploads\/2018\/11\/B1.jpg 660w\" sizes=\"(max-width: 150px) 100vw, 150px\" \/><\/a>\n\t\t\t<\/div><\/figure><figure class='gallery-item'>\n\t\t\t<div class='gallery-icon landscape'>\n\t\t\t\t<a href='https:\/\/archive.sana.sy\/es\/wp-content\/uploads\/2018\/11\/B2.jpg'><img loading=\"lazy\" decoding=\"async\" width=\"150\" height=\"84\" src=\"https:\/\/archive.sana.sy\/es\/wp-content\/uploads\/2018\/11\/B2-150x84.jpg\" class=\"attachment-thumbnail size-thumbnail\" alt=\"\" srcset=\"https:\/\/archive.sana.sy\/es\/wp-content\/uploads\/2018\/11\/B2-150x84.jpg 150w, https:\/\/archive.sana.sy\/es\/wp-content\/uploads\/2018\/11\/B2-300x168.jpg 300w, https:\/\/archive.sana.sy\/es\/wp-content\/uploads\/2018\/11\/B2.jpg 660w\" sizes=\"(max-width: 150px) 100vw, 150px\" \/><\/a>\n\t\t\t<\/div><\/figure><figure class='gallery-item'>\n\t\t\t<div class='gallery-icon landscape'>\n\t\t\t\t<a href='https:\/\/archive.sana.sy\/es\/wp-content\/uploads\/2018\/11\/B3.jpg'><img loading=\"lazy\" decoding=\"async\" width=\"150\" height=\"83\" src=\"https:\/\/archive.sana.sy\/es\/wp-content\/uploads\/2018\/11\/B3-150x83.jpg\" class=\"attachment-thumbnail size-thumbnail\" alt=\"\" srcset=\"https:\/\/archive.sana.sy\/es\/wp-content\/uploads\/2018\/11\/B3-150x83.jpg 150w, https:\/\/archive.sana.sy\/es\/wp-content\/uploads\/2018\/11\/B3-300x166.jpg 300w, https:\/\/archive.sana.sy\/es\/wp-content\/uploads\/2018\/11\/B3.jpg 660w\" sizes=\"(max-width: 150px) 100vw, 150px\" \/><\/a>\n\t\t\t<\/div><\/figure>\n\t\t<\/div>\n\n","protected":false},"excerpt":{"rendered":"<p>Bagdad, SANA Veintiuna empresas sirias participan en la Feria Internacional de Bagdad en su 45\u00aa edici\u00f3n, que comenz\u00f3 hoy con la participaci\u00f3n de 18 pa\u00edses. El pabell\u00f3n de Siria incluye empresas especializadas en las industrias de alimentos, qu\u00edmica y de confecci\u00f3n de ropas. En una declaraci\u00f3n a SANA, el jefe de la Uni\u00f3n de Exportadores, &hellip;<\/p>\n","protected":false},"author":1,"featured_media":93469,"comment_status":"closed","ping_status":"closed","sticky":false,"template":"","format":"standard","meta":{"footnotes":""},"categories":[597,485,7541],"tags":[13300],"class_list":["post-93468","post","type-post","status-publish","format-standard","has-post-thumbnail","","category-cinta-de-noticias","category-informes-negocios-y-finanzas","category-ultimas-noticias","tag-21-empresas-sirias-participan-en-la-feria-internacional-de-bagdad-en-su-45a-edicion"],"_links":{"self":[{"href":"https:\/\/archive.sana.sy\/es\/index.php?rest_route=\/wp\/v2\/posts\/93468"}],"collection":[{"href":"https:\/\/archive.sana.sy\/es\/index.php?rest_route=\/wp\/v2\/posts"}],"about":[{"href":"https:\/\/archive.sana.sy\/es\/index.php?rest_route=\/wp\/v2\/types\/post"}],"author":[{"embeddable":true,"href":"https:\/\/archive.sana.sy\/es\/index.php?rest_route=\/wp\/v2\/users\/1"}],"replies":[{"embeddable":true,"href":"https:\/\/archive.sana.sy\/es\/index.php?rest_route=%2Fwp%2Fv2%2Fcomments&post=93468"}],"version-history":[{"count":0,"href":"https:\/\/archive.sana.sy\/es\/index.php?rest_route=\/wp\/v2\/posts\/93468\/revisions"}],"wp:featuredmedia":[{"embeddable":true,"href":"https:\/\/archive.sana.sy\/es\/index.php?rest_route=\/wp\/v2\/media\/93469"}],"wp:attachment":[{"href":"https:\/\/archive.sana.sy\/es\/index.php?rest_route=%2Fwp%2Fv2%2Fmedia&parent=93468"}],"wp:term":[{"taxonomy":"category","embeddable":true,"href":"https:\/\/archive.sana.sy\/es\/index.php?rest_route=%2Fwp%2Fv2%2Fcategories&post=93468"},{"taxonomy":"post_tag","embeddable":true,"href":"https:\/\/archive.sana.sy\/es\/index.php?rest_route=%2Fwp%2Fv2%2Ftags&post=93468"}],"curies":[{"name":"wp","href":"https:\/\/api.w.org\/{rel}","templated":true}]}}