{"id":9347,"date":"2014-09-17T22:51:52","date_gmt":"2014-09-17T19:51:52","guid":{"rendered":"http:\/\/www.sana.sy\/es\/?p=9347"},"modified":"2014-09-17T22:56:07","modified_gmt":"2014-09-17T19:56:07","slug":"casa-de-opera-comienza-nueva-temporada-con-un-concierto-de-guitarra-y-piano","status":"publish","type":"post","link":"https:\/\/archive.sana.sy\/es\/?p=9347","title":{"rendered":"Casa de la \u00d3pera comienza nueva temporada con un concierto de guitarra y piano"},"content":{"rendered":"<p style=\"text-align: justify\"><span style=\"color: #800000\">Damasco, SANA<\/span><\/p>\n<p style=\"text-align: justify\">La Casa de la \u00d3pera de Siria en Damasco inici\u00f3 su nueva temporada el martes por la noche con un concierto de guitarra y piano con los m\u00fasicos Humam Nabouti y Alia Kheir Bek.<\/p>\n<p style=\"text-align: justify\"><a href=\"http:\/\/www.sana.sy\/es\/wp-content\/uploads\/2014\/09\/331.jpg\"><img loading=\"lazy\" decoding=\"async\" class=\"aligncenter wp-image-9376 size-medium\" src=\"http:\/\/www.sana.sy\/es\/wp-content\/uploads\/2014\/09\/331-300x159.jpg\" alt=\"33\" width=\"300\" height=\"159\" srcset=\"https:\/\/archive.sana.sy\/es\/wp-content\/uploads\/2014\/09\/331-300x160.jpg 300w, https:\/\/archive.sana.sy\/es\/wp-content\/uploads\/2014\/09\/331-150x79.jpg 150w, https:\/\/archive.sana.sy\/es\/wp-content\/uploads\/2014\/09\/331.jpg 381w\" sizes=\"(max-width: 300px) 100vw, 300px\" \/><\/a><\/p>\n<p style=\"text-align: justify\">La Pianista Alia Kheir Bek y el guitarrista Nabouti comenzaron el concierto con una pieza del compositor ruso Sergei Rachmaninoff, seguido de una pieza del compositor espa\u00f1ol Francisco T\u00e1rraga, una interpretaci\u00f3n de Fantas\u00eda en fa menor, op. 49 de Fryderyk Chopin, un tango del m\u00fasico argentino Jorge Morel, y una pieza del compositor franc\u00e9s Achile-Claude Debussy, concluyendo el concierto con piezas del compositor italiano Mario Castelnuovo-Tedesco.<\/p>\n<p style=\"text-align: justify\"><a href=\"http:\/\/www.sana.sy\/es\/wp-content\/uploads\/2014\/09\/113.jpg\"><img loading=\"lazy\" decoding=\"async\" class=\"aligncenter wp-image-9374 size-medium\" src=\"http:\/\/www.sana.sy\/es\/wp-content\/uploads\/2014\/09\/113-300x159.jpg\" alt=\"11\" width=\"300\" height=\"159\" srcset=\"https:\/\/archive.sana.sy\/es\/wp-content\/uploads\/2014\/09\/113-300x160.jpg 300w, https:\/\/archive.sana.sy\/es\/wp-content\/uploads\/2014\/09\/113-150x79.jpg 150w, https:\/\/archive.sana.sy\/es\/wp-content\/uploads\/2014\/09\/113.jpg 381w\" sizes=\"(max-width: 300px) 100vw, 300px\" \/><\/a><\/p>\n<p style=\"text-align: justify\">Kher Bek, naci\u00f3 en Latakia en 1994, comenz\u00f3 a tocar el piano a la edad de 10 a\u00f1os. Estudi\u00f3 en el Instituto Selhi Al-Wadi para la M\u00fasica y el Instituto Superior de M\u00fasica, en Damasco, y actualmente estudia en la Universidad de M\u00fasica y Teatro &#8220;Felix Mendelssohn Bartholdy&#8221; de Leipzig en Alemania.<\/p>\n<p style=\"text-align: justify\"><a href=\"http:\/\/www.sana.sy\/es\/wp-content\/uploads\/2014\/09\/221.jpg\"><img loading=\"lazy\" decoding=\"async\" class=\"aligncenter wp-image-9375 size-medium\" src=\"http:\/\/www.sana.sy\/es\/wp-content\/uploads\/2014\/09\/221-300x159.jpg\" alt=\"22\" width=\"300\" height=\"159\" srcset=\"https:\/\/archive.sana.sy\/es\/wp-content\/uploads\/2014\/09\/221-300x160.jpg 300w, https:\/\/archive.sana.sy\/es\/wp-content\/uploads\/2014\/09\/221-150x79.jpg 150w, https:\/\/archive.sana.sy\/es\/wp-content\/uploads\/2014\/09\/221.jpg 381w\" sizes=\"(max-width: 300px) 100vw, 300px\" \/><\/a><\/p>\n<p style=\"text-align: justify\">Por su parte Humam Nabouti, naci\u00f3 en Damasco en 1990, se gradu\u00f3 del Instituto Superior de M\u00fasica en Damasco. Aprendi\u00f3 a tocar la guitarra de las manos de su padre, el erudito music\u00f3logo Nawras Nabouti.<\/p>\n<p style=\"text-align: justify\">\n<p style=\"text-align: justify\"><a href=\"http:\/\/www.sana.sy\/es\/wp-content\/uploads\/2014\/09\/19.jpg\"><img loading=\"lazy\" decoding=\"async\" class=\"alignnone size-full wp-image-9350\" src=\"http:\/\/www.sana.sy\/es\/wp-content\/uploads\/2014\/09\/19.jpg\" alt=\"1\" width=\"137\" height=\"73\" \/><\/a>\u00a0 \u00a0 \u00a0 \u00a0<a href=\"http:\/\/www.sana.sy\/es\/wp-content\/uploads\/2014\/09\/26.jpg\"><img loading=\"lazy\" decoding=\"async\" class=\"alignnone size-full wp-image-9351\" src=\"http:\/\/www.sana.sy\/es\/wp-content\/uploads\/2014\/09\/26.jpg\" alt=\"2\" width=\"137\" height=\"73\" \/><\/a>\u00a0 \u00a0 \u00a0 \u00a0 \u00a0 \u00a0<a href=\"http:\/\/www.sana.sy\/es\/wp-content\/uploads\/2014\/09\/33.jpg\"><img loading=\"lazy\" decoding=\"async\" class=\"alignnone size-full wp-image-9352\" src=\"http:\/\/www.sana.sy\/es\/wp-content\/uploads\/2014\/09\/33.jpg\" alt=\"3\" width=\"137\" height=\"73\" \/><\/a>\u00a0<a href=\"http:\/\/www.sana.sy\/es\/wp-content\/uploads\/2014\/09\/43.jpg\"><img loading=\"lazy\" decoding=\"async\" class=\"alignnone size-full wp-image-9353\" src=\"http:\/\/www.sana.sy\/es\/wp-content\/uploads\/2014\/09\/43.jpg\" alt=\"4\" width=\"137\" height=\"73\" \/><\/a>\u00a0 \u00a0 \u00a0 \u00a0<a href=\"http:\/\/www.sana.sy\/es\/wp-content\/uploads\/2014\/09\/53.jpg\"><img loading=\"lazy\" decoding=\"async\" class=\"alignnone size-full wp-image-9355\" src=\"http:\/\/www.sana.sy\/es\/wp-content\/uploads\/2014\/09\/53.jpg\" alt=\"5\" width=\"137\" height=\"73\" \/><\/a>\u00a0 \u00a0 \u00a0 \u00a0 \u00a0\u00a0<a href=\"http:\/\/www.sana.sy\/es\/wp-content\/uploads\/2014\/09\/62.jpg\"><img loading=\"lazy\" decoding=\"async\" class=\"alignnone size-full wp-image-9356\" src=\"http:\/\/www.sana.sy\/es\/wp-content\/uploads\/2014\/09\/62.jpg\" alt=\"6\" width=\"137\" height=\"73\" \/><\/a><\/p>\n<p style=\"text-align: justify\"><span style=\"color: #0000ff\">Ghifar Al., Riyad Sh.<\/span><\/p>\n<p style=\"text-align: justify\">\n","protected":false},"excerpt":{"rendered":"<p>Damasco, SANA La Casa de la \u00d3pera de Siria en Damasco inici\u00f3 su nueva temporada el martes por la noche con un concierto de guitarra y piano con los m\u00fasicos Humam Nabouti y Alia Kheir Bek. La Pianista Alia Kheir Bek y el guitarrista Nabouti comenzaron el concierto con una pieza del compositor ruso Sergei &hellip;<\/p>\n","protected":false},"author":1,"featured_media":9348,"comment_status":"closed","ping_status":"closed","sticky":false,"template":"","format":"standard","meta":{"footnotes":""},"categories":[597,510,515],"tags":[2096],"class_list":["post-9347","post","type-post","status-publish","format-standard","has-post-thumbnail","","category-cinta-de-noticias","category-arte-y-cultura","category-noticias-arte-y-cultura","tag-casa-de-la-opera-comienza-nueva-temporada-con-un-concierto-de-guitarra-y-piano"],"_links":{"self":[{"href":"https:\/\/archive.sana.sy\/es\/index.php?rest_route=\/wp\/v2\/posts\/9347"}],"collection":[{"href":"https:\/\/archive.sana.sy\/es\/index.php?rest_route=\/wp\/v2\/posts"}],"about":[{"href":"https:\/\/archive.sana.sy\/es\/index.php?rest_route=\/wp\/v2\/types\/post"}],"author":[{"embeddable":true,"href":"https:\/\/archive.sana.sy\/es\/index.php?rest_route=\/wp\/v2\/users\/1"}],"replies":[{"embeddable":true,"href":"https:\/\/archive.sana.sy\/es\/index.php?rest_route=%2Fwp%2Fv2%2Fcomments&post=9347"}],"version-history":[{"count":0,"href":"https:\/\/archive.sana.sy\/es\/index.php?rest_route=\/wp\/v2\/posts\/9347\/revisions"}],"wp:featuredmedia":[{"embeddable":true,"href":"https:\/\/archive.sana.sy\/es\/index.php?rest_route=\/wp\/v2\/media\/9348"}],"wp:attachment":[{"href":"https:\/\/archive.sana.sy\/es\/index.php?rest_route=%2Fwp%2Fv2%2Fmedia&parent=9347"}],"wp:term":[{"taxonomy":"category","embeddable":true,"href":"https:\/\/archive.sana.sy\/es\/index.php?rest_route=%2Fwp%2Fv2%2Fcategories&post=9347"},{"taxonomy":"post_tag","embeddable":true,"href":"https:\/\/archive.sana.sy\/es\/index.php?rest_route=%2Fwp%2Fv2%2Ftags&post=9347"}],"curies":[{"name":"wp","href":"https:\/\/api.w.org\/{rel}","templated":true}]}}