{"id":93479,"date":"2018-11-11T08:36:09","date_gmt":"2018-11-11T06:36:09","guid":{"rendered":"https:\/\/www.sana.sy\/es\/?p=93479"},"modified":"2023-01-10T15:35:02","modified_gmt":"2023-01-10T13:35:02","slug":"titulares-de-la-prensa-siria-para-este-domingo-11-de-octubre","status":"publish","type":"post","link":"https:\/\/archive.sana.sy\/es\/?p=93479","title":{"rendered":"Titulares de la prensa siria para este domingo, 11 de Noviembre"},"content":{"rendered":"<p style=\"text-align: justify\"><span style=\"color: #800000\">Damasco, SANA<\/span><\/p>\n<p style=\"text-align: justify\">Los diarios nacionales &#8220;Al-Thawra&#8221;, &#8220;Tishreen&#8221; y &#8220;Al-Baath&#8221;, junto a otros medios sirios, destacaron los siguientes titulares del acontecer nacional, regional e internacional:<\/p>\n<p style=\"text-align: justify\">\u00b7 Siria exige investigaci\u00f3n imparcial e independiente en los cr\u00edmenes de la \u201cCoalici\u00f3n Internacional\u201d.<\/p>\n<p style=\"text-align: justify\">\u00b7 Damasco denuncia que EE.UU y sus aliados bombardean en Siria de forma deliberada e indiscriminada y cometen cr\u00edmenes con sangre fr\u00eda en Siria.<\/p>\n<p style=\"text-align: justify\">\u00b7 Canciller\u00eda Siria asegura que el Consejo de Seguridad mantiene un escandaloso silencio ante los cr\u00edmenes de EE.UU en Siria.<\/p>\n<p style=\"text-align: justify\">\u00b7 En nombre del presidente Al-Assad, el ministro Azam ofrece sus condolencias a las familias de los civiles secuestrados y asesinados por el Daesh.<\/p>\n<p style=\"text-align: justify\">\u00b7 Nassrallah asegura que Siria est\u00e1 firme y no ha cambiado sus posturas a pesar de la Guerra global en su contra.<\/p>\n<p style=\"text-align: justify\">\u00b7 21 empresas sirias participan en la 45\u00aa edici\u00f3n de la Feria Internacional de Bagdad.<\/p>\n<p style=\"text-align: justify\">\u00b7 Dos jugadores sirios alcanzan un logro mundial en el Muay Thai.<\/p>\n<p style=\"text-align: justify\">\u00b7 Siria participa en la cuarta fase de la Liga de Emiratos \u00c1rabes Unidos para Salto Ecuestre.<\/p>\n<p style=\"text-align: justify\">\u00b7 Dos jugadores sirios alcanzan un logro mundial en el Muay Thai.<\/p>\n<p style=\"text-align: justify\">\u00b7 Fuerzas Armadas repelen ataques de grupos terroristas contra puntos militares en el campo norte de la provincia de Hama.<\/p>\n<p style=\"text-align: justify\">\u00b7 21 empresas sirias participan en la Feria Internacional de Bagdad.<\/p>\n<p style=\"text-align: justify\">\u00b7 Zarif: El mundo no puede seguir siendo reh\u00e9n de las pol\u00edticas de Estados Unidos.<\/p>\n<p style=\"text-align: justify\">\u00b7 Un analista belga: Washington y pa\u00edses occidentales est\u00e1n detr\u00e1s de la guerra en Siria.<\/p>\n<p style=\"text-align: justify\">\u00b7 Concluyen obras de rehabilitaci\u00f3n de la red el\u00e9ctrica en varios pueblos del campo de Hama.<\/p>\n<p style=\"text-align: justify\">\u00b7 Uni\u00f3n de Exportadores analiza la comercializaci\u00f3n de c\u00edtricos y la coordinaci\u00f3n para el establecimiento de la Feria \u201cSembrado y hecho en Siria\u201d.<\/p>\n<p style=\"text-align: justify\">\u00b7 Ej\u00e9rcito yemen\u00ed mata 235 soldados y mercenarios saud\u00edes en Yemen durante una semana.<\/p>\n<p style=\"text-align: justify\">\u00b7 Cae un palestino m\u00e1rtir por disparos de las fuerzas de ocupaci\u00f3n israel\u00edes en Ramallah.<\/p>\n<p style=\"text-align: justify\">\u00b7 Los yemen\u00edes pagan un alto precio a consecuencia de la agresi\u00f3n contra su pa\u00eds.<\/p>\n<p style=\"text-align: justify\">\u00b7 Presidente liban\u00e9s rechaza cualquier soluci\u00f3n que no tome en cuenta el derecho del retorno a los refugiados palestinos.<\/p>\n<p style=\"text-align: justify\">\u00b7 Ex diplom\u00e1tico turco asegura que las pol\u00edticas de Erdogan hacia Siria fracasaron.<\/p>\n<p style=\"text-align: justify\">\u00b7 Grupo Egipcio de Solidaridad con Siria aprecia las victorias del ej\u00e9rcito sirio.<\/p>\n<p style=\"text-align: justify\">\u00b7 Lavrov examina con su hom\u00f3logo turco los preparativos de la pr\u00f3xima reuni\u00f3n de Astan\u00e1.<\/p>\n<p style=\"text-align: justify\"><span style=\"color: #0000ff\">F. Marouf\/ Ammar H.<\/span><\/p>\n","protected":false},"excerpt":{"rendered":"<p>Damasco, SANA Los diarios nacionales &#8220;Al-Thawra&#8221;, &#8220;Tishreen&#8221; y &#8220;Al-Baath&#8221;, junto a otros medios sirios, destacaron los siguientes titulares del acontecer nacional, regional e internacional: \u00b7 Siria exige investigaci\u00f3n imparcial e independiente en los cr\u00edmenes de la \u201cCoalici\u00f3n Internacional\u201d. \u00b7 Damasco denuncia que EE.UU y sus aliados bombardean en Siria de forma deliberada e indiscriminada y &hellip;<\/p>\n","protected":false},"author":30,"featured_media":92916,"comment_status":"closed","ping_status":"closed","sticky":false,"template":"","format":"standard","meta":{"footnotes":""},"categories":[447,555,597,583],"tags":[13301],"class_list":["post-93479","post","type-post","status-publish","format-standard","has-post-thumbnail","","category-local-politica","category-prensa","category-cinta-de-noticias","category-slide","tag-titulares-de-la-prensa-siria-para-este-domingo-11-de-octubre"],"_links":{"self":[{"href":"https:\/\/archive.sana.sy\/es\/index.php?rest_route=\/wp\/v2\/posts\/93479"}],"collection":[{"href":"https:\/\/archive.sana.sy\/es\/index.php?rest_route=\/wp\/v2\/posts"}],"about":[{"href":"https:\/\/archive.sana.sy\/es\/index.php?rest_route=\/wp\/v2\/types\/post"}],"author":[{"embeddable":true,"href":"https:\/\/archive.sana.sy\/es\/index.php?rest_route=\/wp\/v2\/users\/30"}],"replies":[{"embeddable":true,"href":"https:\/\/archive.sana.sy\/es\/index.php?rest_route=%2Fwp%2Fv2%2Fcomments&post=93479"}],"version-history":[{"count":0,"href":"https:\/\/archive.sana.sy\/es\/index.php?rest_route=\/wp\/v2\/posts\/93479\/revisions"}],"wp:featuredmedia":[{"embeddable":true,"href":"https:\/\/archive.sana.sy\/es\/index.php?rest_route=\/wp\/v2\/media\/92916"}],"wp:attachment":[{"href":"https:\/\/archive.sana.sy\/es\/index.php?rest_route=%2Fwp%2Fv2%2Fmedia&parent=93479"}],"wp:term":[{"taxonomy":"category","embeddable":true,"href":"https:\/\/archive.sana.sy\/es\/index.php?rest_route=%2Fwp%2Fv2%2Fcategories&post=93479"},{"taxonomy":"post_tag","embeddable":true,"href":"https:\/\/archive.sana.sy\/es\/index.php?rest_route=%2Fwp%2Fv2%2Ftags&post=93479"}],"curies":[{"name":"wp","href":"https:\/\/api.w.org\/{rel}","templated":true}]}}