{"id":93601,"date":"2018-11-12T18:53:27","date_gmt":"2018-11-12T16:53:27","guid":{"rendered":"https:\/\/www.sana.sy\/es\/?p=93601"},"modified":"2019-08-24T22:06:30","modified_gmt":"2019-08-24T19:06:30","slug":"nuevos-embajadores-de-cuba-y-china-entregan-sus-cartas-credenciales-al-presidente-al-assad","status":"publish","type":"post","link":"https:\/\/archive.sana.sy\/es\/?p=93601","title":{"rendered":"Nuevos embajadores de Cuba y China entregan sus cartas credenciales al presidente Al-Assad"},"content":{"rendered":"<p style=\"text-align: justify;\"><span style=\"color: #800000;\">Damasco, SANA<\/span><\/p>\n<p style=\"text-align: justify;\">El presidente Bashar Al-Assad, recibi\u00f3 este lunes las cartas credenciales de Fung Biao, el nuevo embajador de la Rep\u00fablica Popular de China ante el gobierno de la Rep\u00fablica \u00c1rabe Siria.<\/p>\n<p style=\"text-align: justify;\">El presidente recibi\u00f3 tambi\u00e9n las Cartas de Estilo del nuevo embajador de la Rep\u00fablica de Cuba en Damasco, Miguel Porto Parga.<\/p>\n<p style=\"text-align: justify;\">Acto seguido, el presidente se reuni\u00f3 con ambos embajadores por separado, y les dese\u00f3 todo \u00e9xito en sus futuras funciones.<\/p>\n<p style=\"text-align: justify;\">El Ministro de Exteriores, Walid Al-Moallem, y el ministro de Asuntos de la Presidencia, Mansour Azzam, asistieron el acto de entrega de las cartas credenciales.<\/p>\n<p style=\"text-align: justify;\"><span style=\"color: #0000ff;\">F. Marouf\/ R. Rashed<\/span><\/p>\n<p><img decoding=\"async\" src=\"https:\/\/www.sana.sy\/wp-content\/uploads\/2018\/11\/18.11.12-PM-%D8%A7%D9%88%D8%B1%D8%A7%D9%82-%D8%A7%D8%B9%D8%AA%D9%85%D8%A7%D8%AF-%D8%A7%D9%84%D8%B3%D9%81%D9%8A%D8%B1-%D8%A7%D9%84%D9%83%D9%88%D8%A8%D9%8A-02.jpg\" \/><\/p>\n","protected":false},"excerpt":{"rendered":"<p>Damasco, SANA El presidente Bashar Al-Assad, recibi\u00f3 este lunes las cartas credenciales de Fung Biao, el nuevo embajador de la Rep\u00fablica Popular de China ante el gobierno de la Rep\u00fablica \u00c1rabe Siria. El presidente recibi\u00f3 tambi\u00e9n las Cartas de Estilo del nuevo embajador de la Rep\u00fablica de Cuba en Damasco, Miguel Porto Parga. Acto seguido, &hellip;<\/p>\n","protected":false},"author":1,"featured_media":93603,"comment_status":"closed","ping_status":"closed","sticky":false,"template":"","format":"standard","meta":{"footnotes":""},"categories":[597,16237,626,7541],"tags":[13324],"class_list":["post-93601","post","type-post","status-publish","format-standard","has-post-thumbnail","","category-cinta-de-noticias","category-presidence-de-la-republique-arabe-syria","category-sr-presidente","category-ultimas-noticias","tag-nuevos-embajadores-de-cuba-y-china-entregan-sus-cartas-credenciales-al-presidente-al-assad"],"_links":{"self":[{"href":"https:\/\/archive.sana.sy\/es\/index.php?rest_route=\/wp\/v2\/posts\/93601"}],"collection":[{"href":"https:\/\/archive.sana.sy\/es\/index.php?rest_route=\/wp\/v2\/posts"}],"about":[{"href":"https:\/\/archive.sana.sy\/es\/index.php?rest_route=\/wp\/v2\/types\/post"}],"author":[{"embeddable":true,"href":"https:\/\/archive.sana.sy\/es\/index.php?rest_route=\/wp\/v2\/users\/1"}],"replies":[{"embeddable":true,"href":"https:\/\/archive.sana.sy\/es\/index.php?rest_route=%2Fwp%2Fv2%2Fcomments&post=93601"}],"version-history":[{"count":0,"href":"https:\/\/archive.sana.sy\/es\/index.php?rest_route=\/wp\/v2\/posts\/93601\/revisions"}],"wp:featuredmedia":[{"embeddable":true,"href":"https:\/\/archive.sana.sy\/es\/index.php?rest_route=\/wp\/v2\/media\/93603"}],"wp:attachment":[{"href":"https:\/\/archive.sana.sy\/es\/index.php?rest_route=%2Fwp%2Fv2%2Fmedia&parent=93601"}],"wp:term":[{"taxonomy":"category","embeddable":true,"href":"https:\/\/archive.sana.sy\/es\/index.php?rest_route=%2Fwp%2Fv2%2Fcategories&post=93601"},{"taxonomy":"post_tag","embeddable":true,"href":"https:\/\/archive.sana.sy\/es\/index.php?rest_route=%2Fwp%2Fv2%2Ftags&post=93601"}],"curies":[{"name":"wp","href":"https:\/\/api.w.org\/{rel}","templated":true}]}}