{"id":94350,"date":"2018-11-19T17:22:51","date_gmt":"2018-11-19T15:22:51","guid":{"rendered":"https:\/\/sana.sy\/es\/?p=94350"},"modified":"2019-08-24T22:04:22","modified_gmt":"2019-08-24T19:04:22","slug":"presidente-al-assad-las-relaciones-entre-estados-deben-regirse-por-el-interes-de-los-pueblos-y-sus-aspiraciones","status":"publish","type":"post","link":"https:\/\/archive.sana.sy\/es\/?p=94350","title":{"rendered":"Presidente al-Assad: las relaciones entre estados deben regirse por el inter\u00e9s de los pueblos y sus aspiraciones"},"content":{"rendered":"<p style=\"text-align: justify;\"><span style=\"color: #800000;\">Damasco, SANA<\/span><\/p>\n<p style=\"text-align: justify;\">El presidente Bashar al-Assad recibi\u00f3 a una delegaci\u00f3n parlamentaria jordana integrada por jefes de comit\u00e9s en el parlamento jordano y es encabezada por el diputado Abdulkareem al-Daghmi.<\/p>\n<p style=\"text-align: justify;\">Durante el encuentro se subray\u00f3 la importancia de reactivar las relaciones entre Siria y Jordania en todos los \u00e1mbitos de una forma que responda a los intereses de los dos pueblos hermanos.<\/p>\n<p style=\"text-align: justify;\">Los miembros de la delegaci\u00f3n afirmaron que el pulso de la calle jordana siempre estuvo de parte del pueblo sirio frente a la guerra terrorista que ha afrontado porque Siria es la primera l\u00ednea defensiva de toda la regi\u00f3n \u00e1rabe, por tanto su triunfo en esta guerra ser\u00e1 el triunfo de todos los estados \u00e1rabes frente a los proyectos occidentales que se proponen desestabilizarla y desmembrarla en servicio de la &#8220;seguridad de Israel&#8221;. Los parlamentarios consideraron que el pueblo sirio gracias a su cohesi\u00f3n con su liderazgo y ej\u00e9rcito logr\u00f3 frustrar los complots externos para que Siria permanezca como la voz \u00e1rabe libre y resistente y el coraz\u00f3n palpitante de la arabidad.<\/p>\n<p style=\"text-align: justify;\">El presidente al-Assad consider\u00f3 que la importancia de las visitas de delegaciones parlamentarias emana de su expresividad de las posturas populares y porque son la br\u00fajula orientadora de las relaciones entre estados, las cuales deben regirse permanentemente por los intereses y aspiraciones de los pueblos.<\/p>\n<p style=\"text-align: justify;\">Al-Assad hizo alusi\u00f3n al enorme rol correspondiente a los parlamentarios para concientizar al pueblo \u00e1rabe sobre la esencia de la batalla que enfrenta nuestra zona \u00e1rabe y que no solamente tiene que ver con Siria sino que es una larga batalla cuya clave es golpear la pertenencia humana \u00e1rabe para que todos los proyectos externos sean f\u00e1ciles de implementar. Asegur\u00f3 que el apego del pueblo y del ej\u00e9rcito sirio a su filiaci\u00f3n nacionalista ha contribuido b\u00e1sicamente a su firmeza a pesar de todas las tentativas que apuntaron contra esa pertenencia.<\/p>\n<p>En el mismo marco, el vicepresidente del Consejo de Ministros y ministro de Exteriores y Expatriados, Walid al-Mualem, recibi\u00f3 a la delegaci\u00f3n del Consejo de los Diputados jordano encabezada por el parlamentario al-Dughmi.<\/p>\n<p>En el encuentro se enfatiz\u00f3 la importancia de las relaciones fraternales que unen a los dos pueblos hermanos, y se resalt\u00f3 el deseo de potenciarlas en todos los planos, especialmente el parlamentario, y desarrollar la cooperaci\u00f3n bilateral por el bien de ambos pueblos hermanos.<\/p>\n<p>En este contexto, se reafirm\u00f3 la importancia de la reapertura del paso fronterizo de Nassib que repercute positivamente en el intercambio de mercanc\u00edas y el movimiento de personas, lo cual fortalecer\u00e9 la cooperaci\u00f3n en los planos popular y econ\u00f3mico.<\/p>\n<p>Las dos partes examinaron tambi\u00e9n las \u00faltimas actualidades pol\u00edticas y militares en Siria y la regi\u00f3n, y sus repercusiones en los conciertos regional e internacional.<\/p>\n<p style=\"text-align: justify;\"><span style=\"color: #0000ff;\">Riad Sh \/ E. Dubian<\/span><\/p>\n","protected":false},"excerpt":{"rendered":"<p>Damasco, SANA El presidente Bashar al-Assad recibi\u00f3 a una delegaci\u00f3n parlamentaria jordana integrada por jefes de comit\u00e9s en el parlamento jordano y es encabezada por el diputado Abdulkareem al-Daghmi. Durante el encuentro se subray\u00f3 la importancia de reactivar las relaciones entre Siria y Jordania en todos los \u00e1mbitos de una forma que responda a los &hellip;<\/p>\n","protected":false},"author":1,"featured_media":94351,"comment_status":"closed","ping_status":"closed","sticky":false,"template":"","format":"standard","meta":{"footnotes":""},"categories":[597,16237,583,626],"tags":[13420],"class_list":["post-94350","post","type-post","status-publish","format-standard","has-post-thumbnail","","category-cinta-de-noticias","category-presidence-de-la-republique-arabe-syria","category-slide","category-sr-presidente","tag-presidente-al-assad-las-relaciones-entre-estados-deben-regirse-por-el-interes-de-los-pueblos-y-sus-aspiraciones"],"_links":{"self":[{"href":"https:\/\/archive.sana.sy\/es\/index.php?rest_route=\/wp\/v2\/posts\/94350"}],"collection":[{"href":"https:\/\/archive.sana.sy\/es\/index.php?rest_route=\/wp\/v2\/posts"}],"about":[{"href":"https:\/\/archive.sana.sy\/es\/index.php?rest_route=\/wp\/v2\/types\/post"}],"author":[{"embeddable":true,"href":"https:\/\/archive.sana.sy\/es\/index.php?rest_route=\/wp\/v2\/users\/1"}],"replies":[{"embeddable":true,"href":"https:\/\/archive.sana.sy\/es\/index.php?rest_route=%2Fwp%2Fv2%2Fcomments&post=94350"}],"version-history":[{"count":0,"href":"https:\/\/archive.sana.sy\/es\/index.php?rest_route=\/wp\/v2\/posts\/94350\/revisions"}],"wp:featuredmedia":[{"embeddable":true,"href":"https:\/\/archive.sana.sy\/es\/index.php?rest_route=\/wp\/v2\/media\/94351"}],"wp:attachment":[{"href":"https:\/\/archive.sana.sy\/es\/index.php?rest_route=%2Fwp%2Fv2%2Fmedia&parent=94350"}],"wp:term":[{"taxonomy":"category","embeddable":true,"href":"https:\/\/archive.sana.sy\/es\/index.php?rest_route=%2Fwp%2Fv2%2Fcategories&post=94350"},{"taxonomy":"post_tag","embeddable":true,"href":"https:\/\/archive.sana.sy\/es\/index.php?rest_route=%2Fwp%2Fv2%2Ftags&post=94350"}],"curies":[{"name":"wp","href":"https:\/\/api.w.org\/{rel}","templated":true}]}}