{"id":94357,"date":"2018-11-19T19:51:45","date_gmt":"2018-11-19T17:51:45","guid":{"rendered":"https:\/\/sana.sy\/es\/?p=94357"},"modified":"2018-11-19T21:36:04","modified_gmt":"2018-11-19T19:36:04","slug":"mikdad-occidente-politiza-la-labor-de-la-opaq","status":"publish","type":"post","link":"https:\/\/archive.sana.sy\/es\/?p=94357","title":{"rendered":"Mikdad: Occidente politiza la labor de la OPAQ"},"content":{"rendered":"<p style=\"text-align: justify;\"><span style=\"color: #800000;\">La Haya-SANA<\/span><\/p>\n<p style=\"text-align: justify;\">Ha iniciado hoy las labores de la 23\u00aa sesi\u00f3n de la conferencia de los Estados miembros del tratado de prohibici\u00f3n de armas qu\u00edmicas en las que participa una delegaci\u00f3n siria encabezada por el vicecanciller Faisal Mikdad.<\/p>\n<p style=\"text-align: justify;\">En su intervenci\u00f3n, Mikdad se\u00f1al\u00f3 la importancia de tener un esp\u00edritu de responsabilidad colectiva para desarrollar y fortalecer la labor la Organizaci\u00f3n para la Prohibici\u00f3n de Armas Qu\u00edmicas y preservar su independencia y profesionalismo.<\/p>\n<p style=\"text-align: justify;\">El vicecanciller destac\u00f3 que \u00a8la pol\u00edtica de hipocres\u00eda y la desinformaci\u00f3n practicada por algunos pa\u00edses occidentales y sus aliados han perjudicado el aspecto t\u00e9cnico de la labor de la OPAQ, cuando dichos pa\u00edses convirtieron la Organizaci\u00f3n en una plataforma de politizaci\u00f3n y en un instrumento para ejercer presi\u00f3n, para servir adem\u00e1s sus agendas personales.<\/p>\n<p style=\"text-align: justify;\">Y.K.<\/p>\n","protected":false},"excerpt":{"rendered":"<p>La Haya-SANA Ha iniciado hoy las labores de la 23\u00aa sesi\u00f3n de la conferencia de los Estados miembros del tratado de prohibici\u00f3n de armas qu\u00edmicas en las que participa una delegaci\u00f3n siria encabezada por el vicecanciller Faisal Mikdad. En su intervenci\u00f3n, Mikdad se\u00f1al\u00f3 la importancia de tener un esp\u00edritu de responsabilidad colectiva para desarrollar y &hellip;<\/p>\n","protected":false},"author":1,"featured_media":94358,"comment_status":"closed","ping_status":"closed","sticky":false,"template":"","format":"standard","meta":{"footnotes":""},"categories":[597,467,7541],"tags":[13423],"class_list":["post-94357","post","type-post","status-publish","format-standard","has-post-thumbnail","","category-cinta-de-noticias","category-siria-y-el-mundo","category-ultimas-noticias","tag-mikdad-occidente-politiza-la-labor-de-la-opaq"],"_links":{"self":[{"href":"https:\/\/archive.sana.sy\/es\/index.php?rest_route=\/wp\/v2\/posts\/94357"}],"collection":[{"href":"https:\/\/archive.sana.sy\/es\/index.php?rest_route=\/wp\/v2\/posts"}],"about":[{"href":"https:\/\/archive.sana.sy\/es\/index.php?rest_route=\/wp\/v2\/types\/post"}],"author":[{"embeddable":true,"href":"https:\/\/archive.sana.sy\/es\/index.php?rest_route=\/wp\/v2\/users\/1"}],"replies":[{"embeddable":true,"href":"https:\/\/archive.sana.sy\/es\/index.php?rest_route=%2Fwp%2Fv2%2Fcomments&post=94357"}],"version-history":[{"count":0,"href":"https:\/\/archive.sana.sy\/es\/index.php?rest_route=\/wp\/v2\/posts\/94357\/revisions"}],"wp:featuredmedia":[{"embeddable":true,"href":"https:\/\/archive.sana.sy\/es\/index.php?rest_route=\/wp\/v2\/media\/94358"}],"wp:attachment":[{"href":"https:\/\/archive.sana.sy\/es\/index.php?rest_route=%2Fwp%2Fv2%2Fmedia&parent=94357"}],"wp:term":[{"taxonomy":"category","embeddable":true,"href":"https:\/\/archive.sana.sy\/es\/index.php?rest_route=%2Fwp%2Fv2%2Fcategories&post=94357"},{"taxonomy":"post_tag","embeddable":true,"href":"https:\/\/archive.sana.sy\/es\/index.php?rest_route=%2Fwp%2Fv2%2Ftags&post=94357"}],"curies":[{"name":"wp","href":"https:\/\/api.w.org\/{rel}","templated":true}]}}