{"id":94463,"date":"2018-11-21T10:25:15","date_gmt":"2018-11-21T08:25:15","guid":{"rendered":"https:\/\/sana.sy\/es\/?p=94463"},"modified":"2018-11-21T13:29:00","modified_gmt":"2018-11-21T11:29:00","slug":"parto-del-jazmin-gana-premio-de-oro-en-el-festival-de-cine-de-los-angeles","status":"publish","type":"post","link":"https:\/\/archive.sana.sy\/es\/?p=94463","title":{"rendered":"\u201dParto del Jazm\u00edn\u201d gana Premio de Oro en el Festival de Cine de Los \u00c1ngeles"},"content":{"rendered":"<p style=\"text-align: justify;\"><span style=\"color: #800000;\">Damasco, SANA<\/span><\/p>\n<p style=\"text-align: justify;\">El cortometraje sirio &#8220;Parto del Jazm\u00edn&#8221; gan\u00f3 su quinto premio internacional al obtener el Premio de Oro en categor\u00eda de direcci\u00f3n, en el Festival de Cine de Los \u00c1ngeles en Estados Unidos.<\/p>\n<p style=\"text-align: justify;\">La pel\u00edcula relata una historia de la realidad siria y transmite un mensaje humano a la opini\u00f3n p\u00fablica mundial de que el terrorismo multinacional afecta a los inocentes.<\/p>\n<p style=\"text-align: justify;\">El relato de la pel\u00edcula gira en torno de la vida de una familia siria que vive en medio del asedio y el terrorismo, y retrata los momentos del dolor y la muerte, y del parto de una madre y su lucha por la vida por dar a luz al jazm\u00edn.<\/p>\n<p style=\"text-align: justify;\">El director del cortometraje, Alaa Al-Sahnawi, coment\u00f3 que &#8220;la pel\u00edcula contin\u00faa su gira internacional y participar\u00e1 a finales de este mes en un festival de cine en Francia y otro en India, y a principios del pr\u00f3ximo mes en el festival en Australia&#8221;.<\/p>\n<p style=\"text-align: justify;\">&#8220;La pel\u00edcula en su conjunto presenta un mensaje humano y plantea el tema del terrorismo y el extremismo en una historia real que refleja el dolor y la tristeza de los sirios\u201d, explic\u00f3.<\/p>\n<p style=\"text-align: justify;\">Agreg\u00f3 que el cortometraje toca el esp\u00edritu del espectador y llega a su mente, independientemente de su afiliaci\u00f3n, raza o religi\u00f3n, o incluso de su nacionalidad y el pa\u00eds al que pertenece.<\/p>\n<p style=\"text-align: justify;\">El cortometraje obtuvo varios premios internacional como el Premio de Mejor Pel\u00edcula en el Festival Internacional de Cine de Toronto en Canad\u00e1, el Premio &#8220;Coraje&#8221; por mejor cineasta en el Festival Internacional de Cine de Galveston, el premio de Mejor Pel\u00edcula Realista en el Festival Internacional de Cine \u201cRiven\u201d en Ucrania y el premio de la Mejor Pel\u00edcula en el Festival Internacional de Cine &#8220;Catskill&#8221; en Nueva York en los Estados Unidos de Am\u00e9rica.<\/p>\n<p style=\"text-align: justify;\"><span style=\"color: #0000ff;\">F. Marouf \/ E. Dubian\u00a0<\/span><\/p>\n","protected":false},"excerpt":{"rendered":"<p>Damasco, SANA El cortometraje sirio &#8220;Parto del Jazm\u00edn&#8221; gan\u00f3 su quinto premio internacional al obtener el Premio de Oro en categor\u00eda de direcci\u00f3n, en el Festival de Cine de Los \u00c1ngeles en Estados Unidos. La pel\u00edcula relata una historia de la realidad siria y transmite un mensaje humano a la opini\u00f3n p\u00fablica mundial de que &hellip;<\/p>\n","protected":false},"author":1,"featured_media":94464,"comment_status":"closed","ping_status":"closed","sticky":false,"template":"","format":"standard","meta":{"footnotes":""},"categories":[597,510,583],"tags":[13436],"class_list":["post-94463","post","type-post","status-publish","format-standard","has-post-thumbnail","","category-cinta-de-noticias","category-arte-y-cultura","category-slide","tag-parto-del-jazmin-gana-premio-de-oro-en-el-festival-de-cine-de-los-angeles"],"_links":{"self":[{"href":"https:\/\/archive.sana.sy\/es\/index.php?rest_route=\/wp\/v2\/posts\/94463"}],"collection":[{"href":"https:\/\/archive.sana.sy\/es\/index.php?rest_route=\/wp\/v2\/posts"}],"about":[{"href":"https:\/\/archive.sana.sy\/es\/index.php?rest_route=\/wp\/v2\/types\/post"}],"author":[{"embeddable":true,"href":"https:\/\/archive.sana.sy\/es\/index.php?rest_route=\/wp\/v2\/users\/1"}],"replies":[{"embeddable":true,"href":"https:\/\/archive.sana.sy\/es\/index.php?rest_route=%2Fwp%2Fv2%2Fcomments&post=94463"}],"version-history":[{"count":0,"href":"https:\/\/archive.sana.sy\/es\/index.php?rest_route=\/wp\/v2\/posts\/94463\/revisions"}],"wp:featuredmedia":[{"embeddable":true,"href":"https:\/\/archive.sana.sy\/es\/index.php?rest_route=\/wp\/v2\/media\/94464"}],"wp:attachment":[{"href":"https:\/\/archive.sana.sy\/es\/index.php?rest_route=%2Fwp%2Fv2%2Fmedia&parent=94463"}],"wp:term":[{"taxonomy":"category","embeddable":true,"href":"https:\/\/archive.sana.sy\/es\/index.php?rest_route=%2Fwp%2Fv2%2Fcategories&post=94463"},{"taxonomy":"post_tag","embeddable":true,"href":"https:\/\/archive.sana.sy\/es\/index.php?rest_route=%2Fwp%2Fv2%2Ftags&post=94463"}],"curies":[{"name":"wp","href":"https:\/\/api.w.org\/{rel}","templated":true}]}}