{"id":94607,"date":"2018-11-22T17:14:05","date_gmt":"2018-11-22T15:14:05","guid":{"rendered":"https:\/\/sana.sy\/es\/?p=94607"},"modified":"2018-11-22T17:14:05","modified_gmt":"2018-11-22T15:14:05","slug":"moscu-la-presencia-militar-rusa-en-siria-se-produjo-por-invitacion-de-su-gobierno-legitimo","status":"publish","type":"post","link":"https:\/\/archive.sana.sy\/es\/?p=94607","title":{"rendered":"Mosc\u00fa: La presencia militar rusa en Siria se produjo por invitaci\u00f3n de su gobierno leg\u00edtimo"},"content":{"rendered":"<p style=\"text-align: justify\"><span style=\"color: #800000\">Mosc\u00fa, SANA<\/span><\/p>\n<p style=\"text-align: justify\">El canciller ruso, Sergei Lavrov, dijo que la presencia militar rusa en Siria se ajusta a las normas del derecho internacional.<\/p>\n<p style=\"text-align: justify\">En respuesta a una pregunta al respecto de la agencia italiana ADJ, Lavrov dijo que la presencia militar rusa en Siria se dio en<br \/>\nconformidad con las normas del derecho internacional y por invitaci\u00f3n de la autoridad leg\u00edtima del pa\u00eds.<\/p>\n<p style=\"text-align: justify\">El 30 de septiembre de 2015, la Fuerza Aeroespacial rusa lanz\u00f3 una operaci\u00f3n militar a pedido del gobierno sirio en apoyo de los esfuerzos del ej\u00e9rcito \u00e1rabe sirio en la lucha contra el terrorism<\/p>\n<p style=\"text-align: justify\"><span style=\"color: #0000ff\">Ammar H.\/ Riad Sh<\/span><\/p>\n","protected":false},"excerpt":{"rendered":"<p>Mosc\u00fa, SANA El canciller ruso, Sergei Lavrov, dijo que la presencia militar rusa en Siria se ajusta a las normas del derecho internacional. En respuesta a una pregunta al respecto de la agencia italiana ADJ, Lavrov dijo que la presencia militar rusa en Siria se dio en conformidad con las normas del derecho internacional y &hellip;<\/p>\n","protected":false},"author":30,"featured_media":94608,"comment_status":"closed","ping_status":"closed","sticky":false,"template":"","format":"standard","meta":{"footnotes":""},"categories":[597,467,7541],"tags":[13454],"class_list":["post-94607","post","type-post","status-publish","format-standard","has-post-thumbnail","","category-cinta-de-noticias","category-siria-y-el-mundo","category-ultimas-noticias","tag-moscu-la-presencia-militar-rusa-en-siria-se-produjo-por-invitacion-de-su-gobierno-legitimo"],"_links":{"self":[{"href":"https:\/\/archive.sana.sy\/es\/index.php?rest_route=\/wp\/v2\/posts\/94607"}],"collection":[{"href":"https:\/\/archive.sana.sy\/es\/index.php?rest_route=\/wp\/v2\/posts"}],"about":[{"href":"https:\/\/archive.sana.sy\/es\/index.php?rest_route=\/wp\/v2\/types\/post"}],"author":[{"embeddable":true,"href":"https:\/\/archive.sana.sy\/es\/index.php?rest_route=\/wp\/v2\/users\/30"}],"replies":[{"embeddable":true,"href":"https:\/\/archive.sana.sy\/es\/index.php?rest_route=%2Fwp%2Fv2%2Fcomments&post=94607"}],"version-history":[{"count":0,"href":"https:\/\/archive.sana.sy\/es\/index.php?rest_route=\/wp\/v2\/posts\/94607\/revisions"}],"wp:featuredmedia":[{"embeddable":true,"href":"https:\/\/archive.sana.sy\/es\/index.php?rest_route=\/wp\/v2\/media\/94608"}],"wp:attachment":[{"href":"https:\/\/archive.sana.sy\/es\/index.php?rest_route=%2Fwp%2Fv2%2Fmedia&parent=94607"}],"wp:term":[{"taxonomy":"category","embeddable":true,"href":"https:\/\/archive.sana.sy\/es\/index.php?rest_route=%2Fwp%2Fv2%2Fcategories&post=94607"},{"taxonomy":"post_tag","embeddable":true,"href":"https:\/\/archive.sana.sy\/es\/index.php?rest_route=%2Fwp%2Fv2%2Ftags&post=94607"}],"curies":[{"name":"wp","href":"https:\/\/api.w.org\/{rel}","templated":true}]}}