{"id":94614,"date":"2018-11-23T10:35:07","date_gmt":"2018-11-23T08:35:07","guid":{"rendered":"https:\/\/sana.sy\/es\/?p=94614"},"modified":"2018-11-23T11:28:56","modified_gmt":"2018-11-23T09:28:56","slug":"los-palestinos-se-disponen-a-participar-en-el-viernes-de-la-resistencia-nos-une-y-triunfa","status":"publish","type":"post","link":"https:\/\/archive.sana.sy\/es\/?p=94614","title":{"rendered":"Los palestinos se disponen a participar en el viernes de (La resistencia nos une y triunfa)"},"content":{"rendered":"<p style=\"text-align: justify\"><span style=\"color: #800000\">Jerusal\u00e9n ocupada, SANA<\/span><\/p>\n<p style=\"text-align: justify\">Los palestinos en la sitiada Franja de Gaza se preparan para participar en el 35\u00ba viernes de las Marchas por el Retorno y Romper el Bloqueo bajo el lema (La resistencia nos une y triunfa).<\/p>\n<p style=\"text-align: justify\">Medios de comunicaci\u00f3n palestinos cit\u00f3 al Comit\u00e9 Nacional de las Marchas por el Retorno y Romper el Bloqueo invitando a la poblaci\u00f3n de la Franja a participar en la tarde de hoy en el viernes de (la resistencia nos une y triunfa), afirmando que las marchas continuar\u00e1n hasta el logro de todos los objetivos, principalmente poner fin al injusto bloqueo israel\u00ed impuesto a la Franja y garantizar el derecho de los refugiados a retornar a sus hogares.<\/p>\n<p style=\"text-align: justify\">El Comit\u00e9 inst\u00f3 a los palestinos a superar sus diferencias y recuperar la unidad nacional para hacer frente a los peligros y los complots que tienen por blanco la causa palestina.<\/p>\n<p style=\"text-align: justify\"><span style=\"color: #0000ff\">Dr. A. Shaban\/ Ammar H.<\/span><\/p>\n","protected":false},"excerpt":{"rendered":"<p>Jerusal\u00e9n ocupada, SANA Los palestinos en la sitiada Franja de Gaza se preparan para participar en el 35\u00ba viernes de las Marchas por el Retorno y Romper el Bloqueo bajo el lema (La resistencia nos une y triunfa). Medios de comunicaci\u00f3n palestinos cit\u00f3 al Comit\u00e9 Nacional de las Marchas por el Retorno y Romper el &hellip;<\/p>\n","protected":false},"author":30,"featured_media":94615,"comment_status":"closed","ping_status":"closed","sticky":false,"template":"","format":"standard","meta":{"footnotes":""},"categories":[597,456,7541,1],"tags":[13455],"class_list":["post-94614","post","type-post","status-publish","format-standard","has-post-thumbnail","","category-cinta-de-noticias","category-arabe-internacional-politica","category-ultimas-noticias","category-news-not-sorted","tag-los-palestinos-se-disponen-a-participar-en-el-viernes-de-la-resistencia-nos-une-y-triunfa"],"_links":{"self":[{"href":"https:\/\/archive.sana.sy\/es\/index.php?rest_route=\/wp\/v2\/posts\/94614"}],"collection":[{"href":"https:\/\/archive.sana.sy\/es\/index.php?rest_route=\/wp\/v2\/posts"}],"about":[{"href":"https:\/\/archive.sana.sy\/es\/index.php?rest_route=\/wp\/v2\/types\/post"}],"author":[{"embeddable":true,"href":"https:\/\/archive.sana.sy\/es\/index.php?rest_route=\/wp\/v2\/users\/30"}],"replies":[{"embeddable":true,"href":"https:\/\/archive.sana.sy\/es\/index.php?rest_route=%2Fwp%2Fv2%2Fcomments&post=94614"}],"version-history":[{"count":0,"href":"https:\/\/archive.sana.sy\/es\/index.php?rest_route=\/wp\/v2\/posts\/94614\/revisions"}],"wp:featuredmedia":[{"embeddable":true,"href":"https:\/\/archive.sana.sy\/es\/index.php?rest_route=\/wp\/v2\/media\/94615"}],"wp:attachment":[{"href":"https:\/\/archive.sana.sy\/es\/index.php?rest_route=%2Fwp%2Fv2%2Fmedia&parent=94614"}],"wp:term":[{"taxonomy":"category","embeddable":true,"href":"https:\/\/archive.sana.sy\/es\/index.php?rest_route=%2Fwp%2Fv2%2Fcategories&post=94614"},{"taxonomy":"post_tag","embeddable":true,"href":"https:\/\/archive.sana.sy\/es\/index.php?rest_route=%2Fwp%2Fv2%2Ftags&post=94614"}],"curies":[{"name":"wp","href":"https:\/\/api.w.org\/{rel}","templated":true}]}}