{"id":94617,"date":"2018-11-23T10:47:40","date_gmt":"2018-11-23T08:47:40","guid":{"rendered":"https:\/\/sana.sy\/es\/?p=94617"},"modified":"2018-11-23T10:47:40","modified_gmt":"2018-11-23T08:47:40","slug":"le-delegacion-parlamentaria-jordana-concluye-su-visita-a-nuestro-pais","status":"publish","type":"post","link":"https:\/\/archive.sana.sy\/es\/?p=94617","title":{"rendered":"Le delegaci\u00f3n parlamentaria jordana concluye su visita a nuestro pa\u00eds"},"content":{"rendered":"<p style=\"text-align: justify\"><span style=\"color: #800000\">Damasco, SANA<\/span><\/p>\n<p style=\"text-align: justify\">Al t\u00e9rmino de su visita a Damasco, los miembros de la delegaci\u00f3n parlamentaria jordana afirmaron las profundas relaciones fraternales que unen entre los pueblos de los dos pa\u00edses y se\u00f1alaron la importancia de la reapertura del Paso Naseeb-Gaber que repercuta ya positivamente en el movimiento de mercanc\u00edas y personas y en las relaciones populares y econ\u00f3micas.<\/p>\n<p style=\"text-align: justify\">El jefe de la delegaci\u00f3n Abdulkareem al-Dughmi dijo: &#8220;vinimos a Siria para felicitarla por su triunfo sobre el terrorismo y el gran complot que se teji\u00f3 en su contra y para trabajar por el restablecimiento de las relaciones&#8221;, y ensalz\u00f3 &#8220;la atm\u00f3sfera positiva que la delegaci\u00f3n palp\u00f3 en sus encuentros con la dirigencia en el estado sirio que aspira a un futuro mejor por el bien de los dos pa\u00edses.<\/p>\n<p style=\"text-align: justify\"><span style=\"color: #0000ff\">Dr. A. Shaban\/ Ammar H.<\/span><\/p>\n","protected":false},"excerpt":{"rendered":"<p>Damasco, SANA Al t\u00e9rmino de su visita a Damasco, los miembros de la delegaci\u00f3n parlamentaria jordana afirmaron las profundas relaciones fraternales que unen entre los pueblos de los dos pa\u00edses y se\u00f1alaron la importancia de la reapertura del Paso Naseeb-Gaber que repercuta ya positivamente en el movimiento de mercanc\u00edas y personas y en las relaciones &hellip;<\/p>\n","protected":false},"author":30,"featured_media":94618,"comment_status":"closed","ping_status":"closed","sticky":false,"template":"","format":"standard","meta":{"footnotes":""},"categories":[597,467,7541],"tags":[13456],"class_list":["post-94617","post","type-post","status-publish","format-standard","has-post-thumbnail","","category-cinta-de-noticias","category-siria-y-el-mundo","category-ultimas-noticias","tag-le-delegacion-parlamentaria-jordana-concluye-su-visita-a-nuestro-pais"],"_links":{"self":[{"href":"https:\/\/archive.sana.sy\/es\/index.php?rest_route=\/wp\/v2\/posts\/94617"}],"collection":[{"href":"https:\/\/archive.sana.sy\/es\/index.php?rest_route=\/wp\/v2\/posts"}],"about":[{"href":"https:\/\/archive.sana.sy\/es\/index.php?rest_route=\/wp\/v2\/types\/post"}],"author":[{"embeddable":true,"href":"https:\/\/archive.sana.sy\/es\/index.php?rest_route=\/wp\/v2\/users\/30"}],"replies":[{"embeddable":true,"href":"https:\/\/archive.sana.sy\/es\/index.php?rest_route=%2Fwp%2Fv2%2Fcomments&post=94617"}],"version-history":[{"count":0,"href":"https:\/\/archive.sana.sy\/es\/index.php?rest_route=\/wp\/v2\/posts\/94617\/revisions"}],"wp:featuredmedia":[{"embeddable":true,"href":"https:\/\/archive.sana.sy\/es\/index.php?rest_route=\/wp\/v2\/media\/94618"}],"wp:attachment":[{"href":"https:\/\/archive.sana.sy\/es\/index.php?rest_route=%2Fwp%2Fv2%2Fmedia&parent=94617"}],"wp:term":[{"taxonomy":"category","embeddable":true,"href":"https:\/\/archive.sana.sy\/es\/index.php?rest_route=%2Fwp%2Fv2%2Fcategories&post=94617"},{"taxonomy":"post_tag","embeddable":true,"href":"https:\/\/archive.sana.sy\/es\/index.php?rest_route=%2Fwp%2Fv2%2Ftags&post=94617"}],"curies":[{"name":"wp","href":"https:\/\/api.w.org\/{rel}","templated":true}]}}