{"id":94624,"date":"2018-11-23T13:48:01","date_gmt":"2018-11-23T11:48:01","guid":{"rendered":"https:\/\/sana.sy\/es\/?p=94624"},"modified":"2018-11-23T13:48:01","modified_gmt":"2018-11-23T11:48:01","slug":"bogdanov-examina-con-el-embajador-haddad-los-preparativos-para-la-proxima-reunion-de-astana","status":"publish","type":"post","link":"https:\/\/archive.sana.sy\/es\/?p=94624","title":{"rendered":"Bogdanov examina con el Embajador Haddad los preparativos para la pr\u00f3xima reuni\u00f3n de Astana"},"content":{"rendered":"<p><span style=\"color: #800000\">Mosc\u00fa, SANA<\/span><\/p>\n<p>El Enviado especial del presidente ruso para Oriente Medio y los pa\u00edses africanos y viceministro de Exteriores de Rusia, Mikhail Bogdanov, discuti\u00f3 con el embajador de Siria en Rusia, el Dr. Riad Haddad, los preparativos para la pr\u00f3xima reuni\u00f3n de Astana sobre la crisis en Siria.<\/p>\n<p>La canciller\u00eda rusa dijo en un comunicado: &#8220;Durante la reuni\u00f3n hubo un amplio intercambio de opiniones sobre el desarrollo de la situaci\u00f3n en la Rep\u00fablica \u00c1rabe Siria y sus alrededores, incluso en lo tocante a la pr\u00f3xima 11\u00aa reuni\u00f3n internacional, que se celebrar\u00e1 en Astana el 28 y 29 de noviembre.<\/p>\n<p>El canciller de Kazajst\u00e1n, Khairat Abderrahmanov, anunci\u00f3 hace varios d\u00edas que la pr\u00f3xima reuni\u00f3n de Astana se celebrar\u00e1 los d\u00edas 28 y 29 de este mes.<\/p>\n<p><span style=\"color: #0000ff\">Ammar H.\/ Riad Sh.<\/span><\/p>\n","protected":false},"excerpt":{"rendered":"<p>Mosc\u00fa, SANA El Enviado especial del presidente ruso para Oriente Medio y los pa\u00edses africanos y viceministro de Exteriores de Rusia, Mikhail Bogdanov, discuti\u00f3 con el embajador de Siria en Rusia, el Dr. Riad Haddad, los preparativos para la pr\u00f3xima reuni\u00f3n de Astana sobre la crisis en Siria. La canciller\u00eda rusa dijo en un comunicado: &hellip;<\/p>\n","protected":false},"author":30,"featured_media":94625,"comment_status":"closed","ping_status":"closed","sticky":false,"template":"","format":"standard","meta":{"footnotes":""},"categories":[597,467,7541],"tags":[13458],"class_list":["post-94624","post","type-post","status-publish","format-standard","has-post-thumbnail","","category-cinta-de-noticias","category-siria-y-el-mundo","category-ultimas-noticias","tag-bogdanov-examina-con-el-embajador-haddad-los-preparativos-para-la-proxima-reunion-de-astana"],"_links":{"self":[{"href":"https:\/\/archive.sana.sy\/es\/index.php?rest_route=\/wp\/v2\/posts\/94624"}],"collection":[{"href":"https:\/\/archive.sana.sy\/es\/index.php?rest_route=\/wp\/v2\/posts"}],"about":[{"href":"https:\/\/archive.sana.sy\/es\/index.php?rest_route=\/wp\/v2\/types\/post"}],"author":[{"embeddable":true,"href":"https:\/\/archive.sana.sy\/es\/index.php?rest_route=\/wp\/v2\/users\/30"}],"replies":[{"embeddable":true,"href":"https:\/\/archive.sana.sy\/es\/index.php?rest_route=%2Fwp%2Fv2%2Fcomments&post=94624"}],"version-history":[{"count":0,"href":"https:\/\/archive.sana.sy\/es\/index.php?rest_route=\/wp\/v2\/posts\/94624\/revisions"}],"wp:featuredmedia":[{"embeddable":true,"href":"https:\/\/archive.sana.sy\/es\/index.php?rest_route=\/wp\/v2\/media\/94625"}],"wp:attachment":[{"href":"https:\/\/archive.sana.sy\/es\/index.php?rest_route=%2Fwp%2Fv2%2Fmedia&parent=94624"}],"wp:term":[{"taxonomy":"category","embeddable":true,"href":"https:\/\/archive.sana.sy\/es\/index.php?rest_route=%2Fwp%2Fv2%2Fcategories&post=94624"},{"taxonomy":"post_tag","embeddable":true,"href":"https:\/\/archive.sana.sy\/es\/index.php?rest_route=%2Fwp%2Fv2%2Ftags&post=94624"}],"curies":[{"name":"wp","href":"https:\/\/api.w.org\/{rel}","templated":true}]}}