{"id":94652,"date":"2018-11-23T20:23:33","date_gmt":"2018-11-23T18:23:33","guid":{"rendered":"https:\/\/sana.sy\/es\/?p=94652"},"modified":"2018-11-23T20:23:33","modified_gmt":"2018-11-23T18:23:33","slug":"lavrov-estamos-decididos-a-erradicar-el-terrorismo-en-siria","status":"publish","type":"post","link":"https:\/\/archive.sana.sy\/es\/?p=94652","title":{"rendered":"Lavrov: estamos decididos a erradicar el terrorismo en Siria"},"content":{"rendered":"<p style=\"text-align: justify;\"><span style=\"color: #800000;\">Roma, SANA<\/span><\/p>\n<p style=\"text-align: justify;\">El ministro de Relaciones Exteriores de Rusia, Serguei Lavrov, afirm\u00f3 que se continuar\u00e1 trabajando por acabar con el terrorismo en Siria y por el retorno de los refugiados sirios a sus hogares.<\/p>\n<p style=\"text-align: justify;\">Durante una rueda de prensa con su hom\u00f3logo italiano, Inzo Milanizi, Lavrov explic\u00f3 que los pa\u00edses garantes del proceso de Astan\u00e1 (Rusia, Ir\u00e1n y Turqu\u00eda) continuar\u00e1n trabajando por la liquidaci\u00f3n del terrorismo y el retorno de los refugiados sirios a sus hogares y que Rusia despliega todos los esfuerzos por la conformaci\u00f3n de una comisi\u00f3n para debatir la actual constituci\u00f3n en base del acuerdo alcanzado durante la Conferencia del di\u00e1logo nacional sirio en Sochi.<\/p>\n<p style=\"text-align: justify;\">Lavrov se\u00f1al\u00f3 que la pr\u00f3xima reuni\u00f3n de Astan\u00e1 tendr\u00e1 lugar los d\u00edas 28 y 29 del mes en curso.<\/p>\n<p style=\"text-align: justify;\">En cuanto a la labor de la Organizaci\u00f3n para la Prohibici\u00f3n de Armas Qu\u00edmicas, Lavrov afirm\u00f3 que la organizaci\u00f3n no debe extralimitarse a responsabilidades que no le son conferidas porque esto se sale del marco de los poderes de las entidades multilaterales que funcionan en base de los pactos y potestades asignadas.<\/p>\n<p style=\"text-align: justify;\">En lo referente a la crisis libia, Lavrov subray\u00f3 que no hay alternativa al di\u00e1logo global entre los libios porque ello constituye la \u00fanica base aceptable por todos para determinar el futuro de su pa\u00eds.<\/p>\n<p style=\"text-align: justify;\">Entretanto, Lavrov afirm\u00f3 que hay intentos en el Consejo de Europa para controlar la Organizaci\u00f3n para la Prohibici\u00f3n de Armas Qu\u00edmicas.<\/p>\n<p style=\"text-align: justify;\">&#8220;No se puede garantizar la estabilidad en la regi\u00f3n del Mediterr\u00e1neo sin resolver los principales problemas como la causa palestina en base de las resoluciones de Naciones Unidas&#8221;, sentenci\u00f3 el jefe de la diplomacia rusa y agreg\u00f3: &#8220;queremos preservar la soberan\u00eda de Siria y su estabilidad\u2026 y el pueblo sirio es quien determinar\u00e1 el futuro de su pa\u00eds.&#8221;<\/p>\n<p style=\"text-align: justify;\"><span style=\"color: #0000ff;\">Riad Sh.\/ R. Rashed\u00a0<\/span><\/p>\n","protected":false},"excerpt":{"rendered":"<p>Roma, SANA El ministro de Relaciones Exteriores de Rusia, Serguei Lavrov, afirm\u00f3 que se continuar\u00e1 trabajando por acabar con el terrorismo en Siria y por el retorno de los refugiados sirios a sus hogares. Durante una rueda de prensa con su hom\u00f3logo italiano, Inzo Milanizi, Lavrov explic\u00f3 que los pa\u00edses garantes del proceso de Astan\u00e1 &hellip;<\/p>\n","protected":false},"author":1,"featured_media":94653,"comment_status":"closed","ping_status":"closed","sticky":false,"template":"","format":"standard","meta":{"footnotes":""},"categories":[597,467,7541],"tags":[13464],"class_list":["post-94652","post","type-post","status-publish","format-standard","has-post-thumbnail","","category-cinta-de-noticias","category-siria-y-el-mundo","category-ultimas-noticias","tag-lavrov-estamos-decididos-a-erradicar-el-terrorismo-en-siria"],"_links":{"self":[{"href":"https:\/\/archive.sana.sy\/es\/index.php?rest_route=\/wp\/v2\/posts\/94652"}],"collection":[{"href":"https:\/\/archive.sana.sy\/es\/index.php?rest_route=\/wp\/v2\/posts"}],"about":[{"href":"https:\/\/archive.sana.sy\/es\/index.php?rest_route=\/wp\/v2\/types\/post"}],"author":[{"embeddable":true,"href":"https:\/\/archive.sana.sy\/es\/index.php?rest_route=\/wp\/v2\/users\/1"}],"replies":[{"embeddable":true,"href":"https:\/\/archive.sana.sy\/es\/index.php?rest_route=%2Fwp%2Fv2%2Fcomments&post=94652"}],"version-history":[{"count":0,"href":"https:\/\/archive.sana.sy\/es\/index.php?rest_route=\/wp\/v2\/posts\/94652\/revisions"}],"wp:featuredmedia":[{"embeddable":true,"href":"https:\/\/archive.sana.sy\/es\/index.php?rest_route=\/wp\/v2\/media\/94653"}],"wp:attachment":[{"href":"https:\/\/archive.sana.sy\/es\/index.php?rest_route=%2Fwp%2Fv2%2Fmedia&parent=94652"}],"wp:term":[{"taxonomy":"category","embeddable":true,"href":"https:\/\/archive.sana.sy\/es\/index.php?rest_route=%2Fwp%2Fv2%2Fcategories&post=94652"},{"taxonomy":"post_tag","embeddable":true,"href":"https:\/\/archive.sana.sy\/es\/index.php?rest_route=%2Fwp%2Fv2%2Ftags&post=94652"}],"curies":[{"name":"wp","href":"https:\/\/api.w.org\/{rel}","templated":true}]}}