{"id":9474,"date":"2014-09-19T20:51:56","date_gmt":"2014-09-19T17:51:56","guid":{"rendered":"http:\/\/www.sana.sy\/es\/?p=9474"},"modified":"2014-09-19T20:51:56","modified_gmt":"2014-09-19T17:51:56","slug":"al-labwani-visita-a-los-heridos-terroristas-en-siria-que-estan-siendo-tratados-en-hospitales-de-israel","status":"publish","type":"post","link":"https:\/\/archive.sana.sy\/es\/?p=9474","title":{"rendered":"Al-Labwani visita a los heridos terroristas en Siria que est\u00e1n siendo tratados en hospitales de Israel"},"content":{"rendered":"<p style=\"text-align: justify\"><span style=\"color: #800000\">Jerusal\u00e9n, SANA<\/span><\/p>\n<p style=\"text-align: justify\">Kamal Al-Labwani visit\u00f3 a los heridos terroristas en Siria que est\u00e1n siendo tratados en hospitales israel\u00edes.<\/p>\n<p style=\"text-align: justify\">En el sitio web del diario israel\u00ed &#8220;Maariv&#8221;, fue publicado que uno de los l\u00edderes de la oposici\u00f3n siria que vive en Turqu\u00eda, visit\u00f3 el hospital, &#8220;Ziv&#8221; en Tel Aviv, donde se reuni\u00f3 con terroristas heridos, que est\u00e1n siendo tratados en hospitales israel\u00edes.<\/p>\n<p style=\"text-align: justify\">El primer ministro israel\u00ed, Benjamin Netanyahu, visit\u00f3 en febrero del a\u00f1o pasado, acompa\u00f1ado por funcionarios, pol\u00edticos y militares el hospital de campa\u00f1a instalado en los territorios sirios ocupados para proporcionar asistencia m\u00e9dica a los terroristas que est\u00e1n luchando en Siria que muestra el tama\u00f1o y el nivel de apoyo a las organizaciones terroristas por parte de Israel en la regi\u00f3n.<\/p>\n<p style=\"text-align: justify\">Activistas sirios e internacionales han considerado al movimiento de Al-Labwani como una traici\u00f3n.<\/p>\n<p style=\"text-align: justify\"><span style=\"color: #0000ff\">Ghifar Al.<\/span><\/p>\n","protected":false},"excerpt":{"rendered":"<p>Jerusal\u00e9n, SANA Kamal Al-Labwani visit\u00f3 a los heridos terroristas en Siria que est\u00e1n siendo tratados en hospitales israel\u00edes. En el sitio web del diario israel\u00ed &#8220;Maariv&#8221;, fue publicado que uno de los l\u00edderes de la oposici\u00f3n siria que vive en Turqu\u00eda, visit\u00f3 el hospital, &#8220;Ziv&#8221; en Tel Aviv, donde se reuni\u00f3 con terroristas heridos, que &hellip;<\/p>\n","protected":false},"author":1,"featured_media":9475,"comment_status":"closed","ping_status":"closed","sticky":false,"template":"","format":"standard","meta":{"footnotes":""},"categories":[597,456,457,576],"tags":[2117],"class_list":["post-9474","post","type-post","status-publish","format-standard","has-post-thumbnail","","category-cinta-de-noticias","category-arabe-internacional-politica","category-noticias-arabe-internacional-politica","category-noticias-politicas","tag-al-labwani-visita-a-los-heridos-terroristas-en-siria-que-estan-siendo-tratados-en-hospitales-de-israel"],"_links":{"self":[{"href":"https:\/\/archive.sana.sy\/es\/index.php?rest_route=\/wp\/v2\/posts\/9474"}],"collection":[{"href":"https:\/\/archive.sana.sy\/es\/index.php?rest_route=\/wp\/v2\/posts"}],"about":[{"href":"https:\/\/archive.sana.sy\/es\/index.php?rest_route=\/wp\/v2\/types\/post"}],"author":[{"embeddable":true,"href":"https:\/\/archive.sana.sy\/es\/index.php?rest_route=\/wp\/v2\/users\/1"}],"replies":[{"embeddable":true,"href":"https:\/\/archive.sana.sy\/es\/index.php?rest_route=%2Fwp%2Fv2%2Fcomments&post=9474"}],"version-history":[{"count":0,"href":"https:\/\/archive.sana.sy\/es\/index.php?rest_route=\/wp\/v2\/posts\/9474\/revisions"}],"wp:featuredmedia":[{"embeddable":true,"href":"https:\/\/archive.sana.sy\/es\/index.php?rest_route=\/wp\/v2\/media\/9475"}],"wp:attachment":[{"href":"https:\/\/archive.sana.sy\/es\/index.php?rest_route=%2Fwp%2Fv2%2Fmedia&parent=9474"}],"wp:term":[{"taxonomy":"category","embeddable":true,"href":"https:\/\/archive.sana.sy\/es\/index.php?rest_route=%2Fwp%2Fv2%2Fcategories&post=9474"},{"taxonomy":"post_tag","embeddable":true,"href":"https:\/\/archive.sana.sy\/es\/index.php?rest_route=%2Fwp%2Fv2%2Ftags&post=9474"}],"curies":[{"name":"wp","href":"https:\/\/api.w.org\/{rel}","templated":true}]}}