{"id":9484,"date":"2014-09-20T13:06:06","date_gmt":"2014-09-20T10:06:06","guid":{"rendered":"http:\/\/www.sana.sy\/es\/?p=9484"},"modified":"2014-09-20T13:10:44","modified_gmt":"2014-09-20T10:10:44","slug":"mekdad-el-fracaso-de-los-enemigos-de-siria-los-impulso-a-trazar-de-nuevo-sus-politicas-para-afrontar-la-firmeza-de-siria","status":"publish","type":"post","link":"https:\/\/archive.sana.sy\/es\/?p=9484","title":{"rendered":"Mekdad: el fracaso de los enemigos de Siria los impuls\u00f3 a trazar de nuevo sus pol\u00edticas para afrontar la firmeza de Siria"},"content":{"rendered":"<p>Beirut, SANA<\/p>\n<p>El viceministro de Exteriores y Emigrantes, Faisal al-Mekdad, afirm\u00f3 que los enemigos de Siria, y despu\u00e9s de no lograr sus planes para hacer arrodillar a Siria, empezaron a trazar nuevos planes para acabar con la firmeza de Siria.<\/p>\n<p>En un art\u00edculo publicado en el diario liban\u00e9s &#8220;Al-Binaa&#8221;, el Vicecanciller sirio dijo que &#8220;la plaga del terrorismo que est\u00e1 azotando a nuestra regi\u00f3n se radica en la flagrante injerencia de los pa\u00edses occidentales en los asuntos internos de Siria y buscar un cambio en el sistema nacional en el marco de la llamada &#8220;Primavera \u00c1rabe&#8221;.<\/p>\n<p>Al-Mekdad indic\u00f3 que &#8220;hay dos prioridades para alcanzar una soluci\u00f3n a la crisis en Siria, y son: la lucha contra el terrorismo y trabajar para lograr nuevas reconciliaciones locales&#8221;, explicando que &#8220;la lucha contra el terrorismo exige que todos los pa\u00edses, entre ellos Arabia Saudita, Turqu\u00eda, Qatar y los pa\u00edses occidentales, dejen de financiar, armar o acoger a las organizaciones terroristas en Siria e Irak&#8221;.<\/p>\n<p>El alto diplom\u00e1tico sirio destac\u00f3 que &#8220;una soluci\u00f3n pol\u00edtica s\u00f3lo puede lograrse entre los propios sirios y sobre el territorio sirio&#8221;, explicando que &#8220;cualquier conversaci\u00f3n acerca de la transferencia del poder significar\u00eda, en estas circunstancias, entregar este poder a la organizaci\u00f3n terrorista del &#8220;Estado Isl\u00e1mico&#8221;.<\/p>\n<p>&nbsp;<\/p>\n<p>Fady M., Lynn A.<\/p>\n","protected":false},"excerpt":{"rendered":"<p>Beirut, SANA El viceministro de Exteriores y Emigrantes, Faisal al-Mekdad, afirm\u00f3 que los enemigos de Siria, y despu\u00e9s de no lograr sus planes para hacer arrodillar a Siria, empezaron a trazar nuevos planes para acabar con la firmeza de Siria. En un art\u00edculo publicado en el diario liban\u00e9s &#8220;Al-Binaa&#8221;, el Vicecanciller sirio dijo que &#8220;la &hellip;<\/p>\n","protected":false},"author":24,"featured_media":8132,"comment_status":"closed","ping_status":"closed","sticky":false,"template":"","format":"standard","meta":{"footnotes":""},"categories":[555,597,576],"tags":[2120],"class_list":["post-9484","post","type-post","status-publish","format-standard","has-post-thumbnail","","category-prensa","category-cinta-de-noticias","category-noticias-politicas","tag-mekdad-el-fracaso-de-los-enemigos-de-siria-los-impulso-a-trazar-de-nuevo-sus-politicas-para-afrontar-la-firmeza-de-siria"],"_links":{"self":[{"href":"https:\/\/archive.sana.sy\/es\/index.php?rest_route=\/wp\/v2\/posts\/9484"}],"collection":[{"href":"https:\/\/archive.sana.sy\/es\/index.php?rest_route=\/wp\/v2\/posts"}],"about":[{"href":"https:\/\/archive.sana.sy\/es\/index.php?rest_route=\/wp\/v2\/types\/post"}],"author":[{"embeddable":true,"href":"https:\/\/archive.sana.sy\/es\/index.php?rest_route=\/wp\/v2\/users\/24"}],"replies":[{"embeddable":true,"href":"https:\/\/archive.sana.sy\/es\/index.php?rest_route=%2Fwp%2Fv2%2Fcomments&post=9484"}],"version-history":[{"count":0,"href":"https:\/\/archive.sana.sy\/es\/index.php?rest_route=\/wp\/v2\/posts\/9484\/revisions"}],"wp:featuredmedia":[{"embeddable":true,"href":"https:\/\/archive.sana.sy\/es\/index.php?rest_route=\/wp\/v2\/media\/8132"}],"wp:attachment":[{"href":"https:\/\/archive.sana.sy\/es\/index.php?rest_route=%2Fwp%2Fv2%2Fmedia&parent=9484"}],"wp:term":[{"taxonomy":"category","embeddable":true,"href":"https:\/\/archive.sana.sy\/es\/index.php?rest_route=%2Fwp%2Fv2%2Fcategories&post=9484"},{"taxonomy":"post_tag","embeddable":true,"href":"https:\/\/archive.sana.sy\/es\/index.php?rest_route=%2Fwp%2Fv2%2Ftags&post=9484"}],"curies":[{"name":"wp","href":"https:\/\/api.w.org\/{rel}","templated":true}]}}