{"id":94844,"date":"2018-11-25T21:28:13","date_gmt":"2018-11-25T19:28:13","guid":{"rendered":"https:\/\/sana.sy\/es\/?p=94844"},"modified":"2018-11-25T21:30:52","modified_gmt":"2018-11-25T19:30:52","slug":"mueren-14-civiles-por-bombardeo-de-aviones-de-la-coalicion-internacional-en-deir-ezzor","status":"publish","type":"post","link":"https:\/\/archive.sana.sy\/es\/?p=94844","title":{"rendered":"Mueren 14 civiles por bombardeo de aviones de la \u201cCoalici\u00f3n Internacional\u201d en Deir Ezzor"},"content":{"rendered":"<p style=\"text-align: justify;\"><span style=\"color: #800000;\">Deir Ezzor, SANA<\/span><\/p>\n<p style=\"text-align: justify;\">Por tercer d\u00eda consecutivo, la llamada \u201cCoalici\u00f3n Internacional\u201d, liderada por EE. UU., ha proseguido sus masacres en el campo este de la provincia de Deir Ezzor.<\/p>\n<p style=\"text-align: justify;\">Seg\u00fan fuentes locales, 14 civiles de una misma familia, fueron v\u00edctimas de nuevas incursiones a\u00e9reas perpetradas hoy contra el poblado de Shaafeh.<\/p>\n<p style=\"text-align: justify;\">Las fuentes se\u00f1alaron que, \u00a8han sido destruidas muchas viviendas y la infraestructura del poblado debido a los constantes ataques de la \u201cCoalici\u00f3n Internacional \u00a8.<\/p>\n<p style=\"text-align: justify;\">Cabe se\u00f1alar que 31 civiles murieron, en su mayor\u00eda mujeres y ni\u00f1os, durante los pasados dos d\u00edas, como consecuencia de semejantes bombardeos contra la ciudad de Hajin y el pueblo de Shaafeh, bajo el pretexto de que combate la organizaci\u00f3n terrorista \u00a8DAESH\u00a8.<\/p>\n<p style=\"text-align: justify;\">Siria exhort\u00f3 reiteradamente a las Naciones Unidas y al Consejo de la Seguridad que adoptaran medidas inmediatas para detener los ataques y las masacres cometidos por la ilegal \u201cCoalici\u00f3n Internacional\u201d y que crearan un mecanismo internacional independiente imparcial para investigar esos cr\u00edmenes y castigar los perpetradores.<\/p>\n<p style=\"text-align: justify;\"><span style=\"color: #0000ff;\">Y. K.\/ R. Rashed\u00a0<\/span><\/p>\n","protected":false},"excerpt":{"rendered":"<p>Deir Ezzor, SANA Por tercer d\u00eda consecutivo, la llamada \u201cCoalici\u00f3n Internacional\u201d, liderada por EE. UU., ha proseguido sus masacres en el campo este de la provincia de Deir Ezzor. Seg\u00fan fuentes locales, 14 civiles de una misma familia, fueron v\u00edctimas de nuevas incursiones a\u00e9reas perpetradas hoy contra el poblado de Shaafeh. Las fuentes se\u00f1alaron que, &hellip;<\/p>\n","protected":false},"author":1,"featured_media":94845,"comment_status":"closed","ping_status":"closed","sticky":false,"template":"","format":"standard","meta":{"footnotes":""},"categories":[597,573,7541],"tags":[13495],"class_list":["post-94844","post","type-post","status-publish","format-standard","has-post-thumbnail","","category-cinta-de-noticias","category-la-realidad-de-los-acontecimientos-en-siria","category-ultimas-noticias","tag-mueren-14-civiles-por-bombardeo-de-aviones-de-la-coalicion-internacional-en-deir-ezzor"],"_links":{"self":[{"href":"https:\/\/archive.sana.sy\/es\/index.php?rest_route=\/wp\/v2\/posts\/94844"}],"collection":[{"href":"https:\/\/archive.sana.sy\/es\/index.php?rest_route=\/wp\/v2\/posts"}],"about":[{"href":"https:\/\/archive.sana.sy\/es\/index.php?rest_route=\/wp\/v2\/types\/post"}],"author":[{"embeddable":true,"href":"https:\/\/archive.sana.sy\/es\/index.php?rest_route=\/wp\/v2\/users\/1"}],"replies":[{"embeddable":true,"href":"https:\/\/archive.sana.sy\/es\/index.php?rest_route=%2Fwp%2Fv2%2Fcomments&post=94844"}],"version-history":[{"count":0,"href":"https:\/\/archive.sana.sy\/es\/index.php?rest_route=\/wp\/v2\/posts\/94844\/revisions"}],"wp:featuredmedia":[{"embeddable":true,"href":"https:\/\/archive.sana.sy\/es\/index.php?rest_route=\/wp\/v2\/media\/94845"}],"wp:attachment":[{"href":"https:\/\/archive.sana.sy\/es\/index.php?rest_route=%2Fwp%2Fv2%2Fmedia&parent=94844"}],"wp:term":[{"taxonomy":"category","embeddable":true,"href":"https:\/\/archive.sana.sy\/es\/index.php?rest_route=%2Fwp%2Fv2%2Fcategories&post=94844"},{"taxonomy":"post_tag","embeddable":true,"href":"https:\/\/archive.sana.sy\/es\/index.php?rest_route=%2Fwp%2Fv2%2Ftags&post=94844"}],"curies":[{"name":"wp","href":"https:\/\/api.w.org\/{rel}","templated":true}]}}