{"id":94851,"date":"2018-11-25T22:59:23","date_gmt":"2018-11-25T20:59:23","guid":{"rendered":"https:\/\/sana.sy\/es\/?p=94851"},"modified":"2018-11-25T22:59:23","modified_gmt":"2018-11-25T20:59:23","slug":"primer-ministro-se-reune-con-delegacion-de-la-federacion-de-periodistas-arabes","status":"publish","type":"post","link":"https:\/\/archive.sana.sy\/es\/?p=94851","title":{"rendered":"Primer Ministro se re\u00fane con delegaci\u00f3n de la Federaci\u00f3n de Periodistas \u00c1rabes"},"content":{"rendered":"<p style=\"text-align: justify;\"><span style=\"color: #800000;\">Damasco, SANA<\/span><\/p>\n<p style=\"text-align: justify;\">El primer ministro, Imad Khamis, se reuni\u00f3 con el Presidente de la Federaci\u00f3n de Periodistas \u00c1rabes y los miembros del Secretariado General de la Federaci\u00f3n que sostiene sus sesiones en Damasco.<\/p>\n<p style=\"text-align: justify;\">Explic\u00f3 que la informaci\u00f3n desorientador ha librado una guerra de falsificaci\u00f3n y tergiversaci\u00f3n contra Siria, y como reacci\u00f3n los medios de informaci\u00f3n sirios han desempe\u00f1ado enormes esfuerzos para hacer frente a esta embestida medi\u00e1tica y hacer llegar la voz de la verdad , ofreciendo m\u00e1rtires para salvar la soberan\u00eda y la decisi\u00f3n independiente de su patria.<\/p>\n<p style=\"text-align: justify;\">El Primer Ministro se\u00f1al\u00f3 que Siria est\u00e1 abierta a todas las partes que tienen la voluntad de esclarecer la verdadera imagen de la guerra terrorista librada en su contra.<\/p>\n<p style=\"text-align: justify;\">Por su parte, el jefe de la delegaci\u00f3n, Moayad Allami, expres\u00f3 la suma importancia de sostener las reuniones del Secretariado General de la Federaci\u00f3n de Periodistas \u00c1rabes en Siria, agregando que este hecho se trata de una se\u00f1al de que Siria cantar\u00e1 pronto la victoria final sobre el terrorismo.<\/p>\n<p style=\"text-align: justify;\"><span style=\"color: #0000ff;\">Lynn A.\/ R. Rashed\u00a0<\/span><\/p>\n","protected":false},"excerpt":{"rendered":"<p>Damasco, SANA El primer ministro, Imad Khamis, se reuni\u00f3 con el Presidente de la Federaci\u00f3n de Periodistas \u00c1rabes y los miembros del Secretariado General de la Federaci\u00f3n que sostiene sus sesiones en Damasco. Explic\u00f3 que la informaci\u00f3n desorientador ha librado una guerra de falsificaci\u00f3n y tergiversaci\u00f3n contra Siria, y como reacci\u00f3n los medios de informaci\u00f3n &hellip;<\/p>\n","protected":false},"author":1,"featured_media":94852,"comment_status":"closed","ping_status":"closed","sticky":false,"template":"","format":"standard","meta":{"footnotes":""},"categories":[597,476,7541],"tags":[13497],"class_list":["post-94851","post","type-post","status-publish","format-standard","has-post-thumbnail","","category-cinta-de-noticias","category-locales","category-ultimas-noticias","tag-primer-ministro-se-reune-con-delegacion-de-la-federacion-de-periodistas-arabes"],"_links":{"self":[{"href":"https:\/\/archive.sana.sy\/es\/index.php?rest_route=\/wp\/v2\/posts\/94851"}],"collection":[{"href":"https:\/\/archive.sana.sy\/es\/index.php?rest_route=\/wp\/v2\/posts"}],"about":[{"href":"https:\/\/archive.sana.sy\/es\/index.php?rest_route=\/wp\/v2\/types\/post"}],"author":[{"embeddable":true,"href":"https:\/\/archive.sana.sy\/es\/index.php?rest_route=\/wp\/v2\/users\/1"}],"replies":[{"embeddable":true,"href":"https:\/\/archive.sana.sy\/es\/index.php?rest_route=%2Fwp%2Fv2%2Fcomments&post=94851"}],"version-history":[{"count":0,"href":"https:\/\/archive.sana.sy\/es\/index.php?rest_route=\/wp\/v2\/posts\/94851\/revisions"}],"wp:featuredmedia":[{"embeddable":true,"href":"https:\/\/archive.sana.sy\/es\/index.php?rest_route=\/wp\/v2\/media\/94852"}],"wp:attachment":[{"href":"https:\/\/archive.sana.sy\/es\/index.php?rest_route=%2Fwp%2Fv2%2Fmedia&parent=94851"}],"wp:term":[{"taxonomy":"category","embeddable":true,"href":"https:\/\/archive.sana.sy\/es\/index.php?rest_route=%2Fwp%2Fv2%2Fcategories&post=94851"},{"taxonomy":"post_tag","embeddable":true,"href":"https:\/\/archive.sana.sy\/es\/index.php?rest_route=%2Fwp%2Fv2%2Ftags&post=94851"}],"curies":[{"name":"wp","href":"https:\/\/api.w.org\/{rel}","templated":true}]}}