{"id":94858,"date":"2018-11-26T08:36:12","date_gmt":"2018-11-26T06:36:12","guid":{"rendered":"https:\/\/sana.sy\/es\/?p=94858"},"modified":"2023-01-10T15:16:10","modified_gmt":"2023-01-10T13:16:10","slug":"gobierno-aprueba-medidas-para-desarrollar-las-industrias-textiles","status":"publish","type":"post","link":"https:\/\/archive.sana.sy\/es\/?p=94858","title":{"rendered":"Gobierno aprueba medidas para desarrollar las industrias textiles"},"content":{"rendered":"<p style=\"text-align: justify\"><span style=\"color: #800000\">Damasco, SANA<\/span><\/p>\n<p style=\"text-align: justify\">En su reuni\u00f3n semanal presidida por el Primer Ministro, Emad Khamis, el Consejo de Ministros aprob\u00f3 un paquete de medidas para estimular y desarrollar las industrias textiles en todas sus etapas.<\/p>\n<p style=\"text-align: justify\">Las medidas aprobadas abarcaron el mejoramiento de la calidad de las semillas de algod\u00f3n y su cultivaci\u00f3n, la reparaci\u00f3n y modernizaci\u00f3n de las plantas desmontadoras de algod\u00f3n y mejorar la calidad de la industria textil y subsidiar su exportaci\u00f3n.<\/p>\n<p style=\"text-align: justify\">Por otro lado, el Gabinete instruy\u00f3 al Ministerio de Administraci\u00f3n Local y Medio Ambiente para desarrollar la realidad urban\u00edstica y organizativa de la zona industrial de Tal Kirdi en Damasco-campo, con el fin de ayudar a los industriales a comenzar la reparaci\u00f3n de sus instalaciones y volver a la producci\u00f3n.<\/p>\n<p style=\"text-align: justify\">Por \u00faltimo, el gobierno decidi\u00f3 expandir las peque\u00f1as y micro proyectos en todas las regiones del pa\u00eds para que abarque al mayor n\u00famero posible de familias, y lograr sus objetivos sociales y econ\u00f3micos.<\/p>\n<p style=\"text-align: justify\"><span style=\"color: #0000ff\">F. Marouf\/ Ammar H.<\/span><\/p>\n","protected":false},"excerpt":{"rendered":"<p>Damasco, SANA En su reuni\u00f3n semanal presidida por el Primer Ministro, Emad Khamis, el Consejo de Ministros aprob\u00f3 un paquete de medidas para estimular y desarrollar las industrias textiles en todas sus etapas. Las medidas aprobadas abarcaron el mejoramiento de la calidad de las semillas de algod\u00f3n y su cultivaci\u00f3n, la reparaci\u00f3n y modernizaci\u00f3n de &hellip;<\/p>\n","protected":false},"author":30,"featured_media":94859,"comment_status":"closed","ping_status":"closed","sticky":false,"template":"","format":"standard","meta":{"footnotes":""},"categories":[597,485,476,7541],"tags":[13500],"class_list":["post-94858","post","type-post","status-publish","format-standard","has-post-thumbnail","","category-cinta-de-noticias","category-informes-negocios-y-finanzas","category-locales","category-ultimas-noticias","tag-gobierno-aprueba-medidas-para-desarrollar-las-industrias-textiles"],"_links":{"self":[{"href":"https:\/\/archive.sana.sy\/es\/index.php?rest_route=\/wp\/v2\/posts\/94858"}],"collection":[{"href":"https:\/\/archive.sana.sy\/es\/index.php?rest_route=\/wp\/v2\/posts"}],"about":[{"href":"https:\/\/archive.sana.sy\/es\/index.php?rest_route=\/wp\/v2\/types\/post"}],"author":[{"embeddable":true,"href":"https:\/\/archive.sana.sy\/es\/index.php?rest_route=\/wp\/v2\/users\/30"}],"replies":[{"embeddable":true,"href":"https:\/\/archive.sana.sy\/es\/index.php?rest_route=%2Fwp%2Fv2%2Fcomments&post=94858"}],"version-history":[{"count":0,"href":"https:\/\/archive.sana.sy\/es\/index.php?rest_route=\/wp\/v2\/posts\/94858\/revisions"}],"wp:featuredmedia":[{"embeddable":true,"href":"https:\/\/archive.sana.sy\/es\/index.php?rest_route=\/wp\/v2\/media\/94859"}],"wp:attachment":[{"href":"https:\/\/archive.sana.sy\/es\/index.php?rest_route=%2Fwp%2Fv2%2Fmedia&parent=94858"}],"wp:term":[{"taxonomy":"category","embeddable":true,"href":"https:\/\/archive.sana.sy\/es\/index.php?rest_route=%2Fwp%2Fv2%2Fcategories&post=94858"},{"taxonomy":"post_tag","embeddable":true,"href":"https:\/\/archive.sana.sy\/es\/index.php?rest_route=%2Fwp%2Fv2%2Ftags&post=94858"}],"curies":[{"name":"wp","href":"https:\/\/api.w.org\/{rel}","templated":true}]}}