{"id":95168,"date":"2018-11-29T18:19:36","date_gmt":"2018-11-29T16:19:36","guid":{"rendered":"https:\/\/www.sana.sy\/es\/?p=95168"},"modified":"2018-11-29T18:20:41","modified_gmt":"2018-11-29T16:20:41","slug":"lavrentiev-la-presencia-continua-de-terroristas-del-frente-al-nusra-en-idleb-es-inaceptable","status":"publish","type":"post","link":"https:\/\/archive.sana.sy\/es\/?p=95168","title":{"rendered":"Lavrentiev: la presencia continua de terroristas del Frente al-Nusra en Idleb es inaceptable"},"content":{"rendered":"<p>Astana, SANA<\/p>\n<p>El enviado especial del presidente ruso para Siria y jefe de la delegaci\u00f3n rusa a las reuniones de Astana, Alexandre Lavrentiev, confirm\u00f3 que la presencia continua de terroristas de al-Nusra en Idleb es inaceptable.<\/p>\n<p>\u201cEn la provincia de Idlib hay unos 15 mil terroristas de la organizaci\u00f3n del Frente Nusra y esto es inaceptable\u201d dijo Lavrentiev en una conferencia de prensa al final de la 11\u00aa ronda de reuniones de Astana, y agreg\u00f3 \u201cen repetidas ocasiones hemos advertido a la comunidad internacional de tantos terroristas que tienen sustancias qu\u00edmicas que pueden usar contra civiles y esto es lo que ocurri\u00f3 recientemente en Alepo y nos sorprende que los pa\u00edses occidentales hayan ignorado este ataque.\u201d<\/p>\n<p>El emisario dijo que Rusia est\u00e1 lista para brindar toda la asistencia posible para restablecer la estabilidad en la provincia de Idleb, incluida la prestaci\u00f3n de apoyo al ej\u00e9rcito sirio, y destac\u00f3 que la lucha contra el terrorismo en Siria continuar\u00e1 hasta la eliminaci\u00f3n total de las organizaciones terroristas.<\/p>\n<p>Lavrentiev expres\u00f3 la preocupaci\u00f3n de Mosc\u00fa por la presencia de fuerzas ilegales de Estados Unidos en Siria.<br \/>\nLavrovtiev reiter\u00f3 la petici\u00f3n de Rusia a la OPAQ para enviar a sus expertos a la ciudad de Alepo, que fue atacada por organizaciones terroristas con misiles que contienen sustancias qu\u00edmicas para esclarecer los detalles del incidente.<br \/>\nLavrentiev se\u00f1al\u00f3 que el gobierno sirio ha creado las condiciones adecuadas para el regreso de los desplazados a su pa\u00eds y miles de ellos han regresado recientemente y hay un aumento en el n\u00famero de personas desplazadas que desean regresar, lo que requiere que la comunidad internacional ayude en este proceso.<\/p>\n<p>El diplom\u00e1tico llam\u00f3 a los pa\u00edses occidentales, especialmente a los Estados Unidos, a no politizar el retorno de los refugiados y la reconstrucci\u00f3n de Siria y la introducci\u00f3n de la asistencia humanitaria.<\/p>\n<p>Sobre los resultados de la actual ronda de reuniones de Astana, Lavrentiev dijo que \u201cMosc\u00fa considera positivo el resultado en general donde discuti\u00f3 una amplia gama de temas que comienzan con la situaci\u00f3n sobre el terreno y alrededor de Idleb y en otras regiones sirias y la situaci\u00f3n general con respecto a la estabilidad, adem\u00e1s de la formaci\u00f3n del Comit\u00e9 para debatir la Constituci\u00f3n, que es un asunto de gran importancia ya que el trabajo contin\u00faa y se aproxima al objetivo para poder hablar sobre la formaci\u00f3n del comit\u00e9 que incluye a 150 personas.<\/p>\n<p>R.Sh.<\/p>\n","protected":false},"excerpt":{"rendered":"<p>Astana, SANA El enviado especial del presidente ruso para Siria y jefe de la delegaci\u00f3n rusa a las reuniones de Astana, Alexandre Lavrentiev, confirm\u00f3 que la presencia continua de terroristas de al-Nusra en Idleb es inaceptable. \u201cEn la provincia de Idlib hay unos 15 mil terroristas de la organizaci\u00f3n del Frente Nusra y esto es &hellip;<\/p>\n","protected":false},"author":1,"featured_media":95169,"comment_status":"closed","ping_status":"closed","sticky":false,"template":"","format":"standard","meta":{"footnotes":""},"categories":[456,7541],"tags":[],"class_list":["post-95168","post","type-post","status-publish","format-standard","has-post-thumbnail","","category-arabe-internacional-politica","category-ultimas-noticias"],"_links":{"self":[{"href":"https:\/\/archive.sana.sy\/es\/index.php?rest_route=\/wp\/v2\/posts\/95168"}],"collection":[{"href":"https:\/\/archive.sana.sy\/es\/index.php?rest_route=\/wp\/v2\/posts"}],"about":[{"href":"https:\/\/archive.sana.sy\/es\/index.php?rest_route=\/wp\/v2\/types\/post"}],"author":[{"embeddable":true,"href":"https:\/\/archive.sana.sy\/es\/index.php?rest_route=\/wp\/v2\/users\/1"}],"replies":[{"embeddable":true,"href":"https:\/\/archive.sana.sy\/es\/index.php?rest_route=%2Fwp%2Fv2%2Fcomments&post=95168"}],"version-history":[{"count":0,"href":"https:\/\/archive.sana.sy\/es\/index.php?rest_route=\/wp\/v2\/posts\/95168\/revisions"}],"wp:featuredmedia":[{"embeddable":true,"href":"https:\/\/archive.sana.sy\/es\/index.php?rest_route=\/wp\/v2\/media\/95169"}],"wp:attachment":[{"href":"https:\/\/archive.sana.sy\/es\/index.php?rest_route=%2Fwp%2Fv2%2Fmedia&parent=95168"}],"wp:term":[{"taxonomy":"category","embeddable":true,"href":"https:\/\/archive.sana.sy\/es\/index.php?rest_route=%2Fwp%2Fv2%2Fcategories&post=95168"},{"taxonomy":"post_tag","embeddable":true,"href":"https:\/\/archive.sana.sy\/es\/index.php?rest_route=%2Fwp%2Fv2%2Ftags&post=95168"}],"curies":[{"name":"wp","href":"https:\/\/api.w.org\/{rel}","templated":true}]}}