{"id":95171,"date":"2018-11-29T21:59:14","date_gmt":"2018-11-29T19:59:14","guid":{"rendered":"https:\/\/www.sana.sy\/es\/?p=95171"},"modified":"2019-08-24T21:59:54","modified_gmt":"2019-08-24T18:59:54","slug":"al-assad-encabeza-reunion-del-gabinete","status":"publish","type":"post","link":"https:\/\/archive.sana.sy\/es\/?p=95171","title":{"rendered":"Al-Assad reafirma que la tarea principal ante el nuevo gobierno es la lucha contra la corrupci\u00f3n"},"content":{"rendered":"<p style=\"text-align: justify;\"><span style=\"color: #800000;\">Damasco, SANA<\/span><\/p>\n<p style=\"text-align: justify;\">Prestaron este jueves juramento ante el presidente Bashar al-Assad, Dr. Atef Nadaf, ministro de Comercio Interior y Protecci\u00f3n del Consumidor, el mayor general Mohammed Khaled Al-Rahmoun, ministro del Interior, Ing. Mohammad Rami Radwan Martini, ministro de Turismo, Emad Mowafaq Al-Azeb, ministro de Educaci\u00f3n, Bassam Bashir Ibrahim, ministro de Educaci\u00f3n Superior, Ing. Suhail Mohammed Abdul Latif, ministro de Obras P\u00fablicas y Vivienda, Ing. Iyad Mohammed Al-Khatib, ministro de Telecomunicaciones y Tecnolog\u00eda, Ing. Mohamed Maan Zine Abidine Jazbah, ministro de Industria.<\/p>\n<p style=\"text-align: justify;\">A continuaci\u00f3n, el presidente al-Assad presidi\u00f3 una reuni\u00f3n del gabinete en la que habl\u00f3 de los principales enfoques del gobierno en la pr\u00f3xima etapa, los cuales encabeza la lucha contra la corrupci\u00f3n.<\/p>\n<p style=\"text-align: justify;\">El presidente Al-Assad destac\u00f3 la necesidad de adoptar una visi\u00f3n integral sobre el tema de la corrupci\u00f3n y explic\u00f3 que \u00a8la corrupci\u00f3n no solo se limita al abuso del poder para lograr intereses privados, sino cualquier defecto en el Estado se considera corrupci\u00f3n\u00a8.<\/p>\n<p style=\"text-align: justify;\">\u00a8El desperdicio de fondos p\u00fablicos, apuntar contra los establecimientos del estado, disminuci\u00f3n de la calidad de los servicios prestados, todos son caras de la corrupci\u00f3n, y que contribuyen a la propagaci\u00f3n de la cultura de la frustraci\u00f3n, el caos y la indisciplina de los ciudadanos por tanto la partici\u00f3n de la sociedad, y por eso muchos consideran que la corrupci\u00f3n y el terrorismo son dos cara de la misma moneda\u00a8, acot\u00f3.<\/p>\n<p style=\"text-align: justify;\">Al-Assad opin\u00f3 que \u00a8Pedir cuentas a la persona corrupta es esencial y necesario, pero no es el comienzo del proceso de lucha contra la corrupci\u00f3n, lo m\u00e1s importante es la prevenci\u00f3n y la disuasi\u00f3n\u00a8, destacando que la prevenci\u00f3n comienza con las infraestructuras, normas y leyes y todo lo que rige la labor de los establecimientos.<\/p>\n<p style=\"text-align: justify;\">Aclar\u00f3 que la mayor parte de la corrupci\u00f3n se debe a las brechas que hay en las leyes. \u00a8El factor com\u00fan entre la mayor\u00eda de las leyes es agregar art\u00edculos a titulo excepcional a las mismas, lo que resulta en la corrupci\u00f3n, haciendo hincapi\u00e9 en que todos los ministerios deban buscar todo lo excepcional y eliminarlos definitivamente.<\/p>\n<p style=\"text-align: justify;\">En este contexto, el presidente consider\u00f3 que no todo excepci\u00f3n es err\u00f3nea, sino que hay casos excepcionales en muchos sectores que son necesarios para la vitalidad y din\u00e1mica de las leyes por tanto deben seguir en vigor.<\/p>\n<p style=\"text-align: justify;\">Al-Assad subray\u00f3 que todos los ministros deban tomar medidas urgentes para obtener resultados inmediatos tangibles para el ciudadano.<\/p>\n<p style=\"text-align: justify;\">Agreg\u00f3 que la lucha contra la corrupci\u00f3n tambi\u00e9n se logra mediante la facilitaci\u00f3n y la simplificaci\u00f3n de los procedimientos y tr\u00e1mites diarios de los ciudadanos.<\/p>\n<p style=\"text-align: justify;\">\u00a8El pueblo y las Fuerzas Armadas han estado firme y sacrificado mucho y es su derecho ver los resultados de esta firmeza y de este sacrificio\u00a8, acot\u00f3.<\/p>\n<p style=\"text-align: justify;\">\u00a8Toda persona que ocupa un post debe trabajar para el servicio p\u00fablico y no lo contrario\u00a8, puntualiz\u00f3.<\/p>\n<p><span style=\"color: #0000ff;\">\u00a0 Y.K.<\/span><\/p>\n<div id='gallery-1' class='gallery galleryid-95171 gallery-columns-1 gallery-size-full'><figure class='gallery-item'>\n\t\t\t<div class='gallery-icon landscape'>\n\t\t\t\t<a href='https:\/\/archive.sana.sy\/es\/wp-content\/uploads\/2018\/11\/assad1-1.jpg'><img loading=\"lazy\" decoding=\"async\" width=\"660\" height=\"181\" src=\"https:\/\/archive.sana.sy\/es\/wp-content\/uploads\/2018\/11\/assad1-1.jpg\" class=\"attachment-full size-full\" alt=\"\" srcset=\"https:\/\/archive.sana.sy\/es\/wp-content\/uploads\/2018\/11\/assad1-1.jpg 660w, https:\/\/archive.sana.sy\/es\/wp-content\/uploads\/2018\/11\/assad1-1-150x41.jpg 150w, https:\/\/archive.sana.sy\/es\/wp-content\/uploads\/2018\/11\/assad1-1-300x82.jpg 300w\" sizes=\"(max-width: 660px) 100vw, 660px\" \/><\/a>\n\t\t\t<\/div><\/figure><figure class='gallery-item'>\n\t\t\t<div class='gallery-icon landscape'>\n\t\t\t\t<a href='https:\/\/archive.sana.sy\/es\/wp-content\/uploads\/2018\/11\/assad2.jpg'><img loading=\"lazy\" decoding=\"async\" width=\"660\" height=\"425\" src=\"https:\/\/archive.sana.sy\/es\/wp-content\/uploads\/2018\/11\/assad2.jpg\" class=\"attachment-full size-full\" alt=\"\" srcset=\"https:\/\/archive.sana.sy\/es\/wp-content\/uploads\/2018\/11\/assad2.jpg 660w, https:\/\/archive.sana.sy\/es\/wp-content\/uploads\/2018\/11\/assad2-150x97.jpg 150w, https:\/\/archive.sana.sy\/es\/wp-content\/uploads\/2018\/11\/assad2-300x193.jpg 300w\" sizes=\"(max-width: 660px) 100vw, 660px\" \/><\/a>\n\t\t\t<\/div><\/figure><figure class='gallery-item'>\n\t\t\t<div class='gallery-icon landscape'>\n\t\t\t\t<a href='https:\/\/archive.sana.sy\/es\/wp-content\/uploads\/2018\/11\/assad3.jpg'><img loading=\"lazy\" decoding=\"async\" width=\"660\" height=\"371\" src=\"https:\/\/archive.sana.sy\/es\/wp-content\/uploads\/2018\/11\/assad3.jpg\" class=\"attachment-full size-full\" alt=\"\" srcset=\"https:\/\/archive.sana.sy\/es\/wp-content\/uploads\/2018\/11\/assad3.jpg 660w, https:\/\/archive.sana.sy\/es\/wp-content\/uploads\/2018\/11\/assad3-150x84.jpg 150w, https:\/\/archive.sana.sy\/es\/wp-content\/uploads\/2018\/11\/assad3-300x169.jpg 300w\" sizes=\"(max-width: 660px) 100vw, 660px\" \/><\/a>\n\t\t\t<\/div><\/figure><figure class='gallery-item'>\n\t\t\t<div class='gallery-icon landscape'>\n\t\t\t\t<a href='https:\/\/archive.sana.sy\/es\/wp-content\/uploads\/2018\/11\/assad4.jpg'><img loading=\"lazy\" decoding=\"async\" width=\"660\" height=\"342\" src=\"https:\/\/archive.sana.sy\/es\/wp-content\/uploads\/2018\/11\/assad4.jpg\" class=\"attachment-full size-full\" alt=\"\" srcset=\"https:\/\/archive.sana.sy\/es\/wp-content\/uploads\/2018\/11\/assad4.jpg 660w, https:\/\/archive.sana.sy\/es\/wp-content\/uploads\/2018\/11\/assad4-150x78.jpg 150w, https:\/\/archive.sana.sy\/es\/wp-content\/uploads\/2018\/11\/assad4-300x155.jpg 300w\" sizes=\"(max-width: 660px) 100vw, 660px\" \/><\/a>\n\t\t\t<\/div><\/figure><figure class='gallery-item'>\n\t\t\t<div class='gallery-icon landscape'>\n\t\t\t\t<a href='https:\/\/archive.sana.sy\/es\/wp-content\/uploads\/2018\/11\/assad5.jpg'><img loading=\"lazy\" decoding=\"async\" width=\"660\" height=\"362\" src=\"https:\/\/archive.sana.sy\/es\/wp-content\/uploads\/2018\/11\/assad5.jpg\" class=\"attachment-full size-full\" alt=\"\" srcset=\"https:\/\/archive.sana.sy\/es\/wp-content\/uploads\/2018\/11\/assad5.jpg 660w, https:\/\/archive.sana.sy\/es\/wp-content\/uploads\/2018\/11\/assad5-150x82.jpg 150w, https:\/\/archive.sana.sy\/es\/wp-content\/uploads\/2018\/11\/assad5-300x165.jpg 300w\" sizes=\"(max-width: 660px) 100vw, 660px\" \/><\/a>\n\t\t\t<\/div><\/figure><figure class='gallery-item'>\n\t\t\t<div class='gallery-icon landscape'>\n\t\t\t\t<a href='https:\/\/archive.sana.sy\/es\/wp-content\/uploads\/2018\/11\/assad6.jpg'><img loading=\"lazy\" decoding=\"async\" width=\"660\" height=\"372\" src=\"https:\/\/archive.sana.sy\/es\/wp-content\/uploads\/2018\/11\/assad6.jpg\" class=\"attachment-full size-full\" alt=\"\" srcset=\"https:\/\/archive.sana.sy\/es\/wp-content\/uploads\/2018\/11\/assad6.jpg 660w, https:\/\/archive.sana.sy\/es\/wp-content\/uploads\/2018\/11\/assad6-150x85.jpg 150w, https:\/\/archive.sana.sy\/es\/wp-content\/uploads\/2018\/11\/assad6-300x169.jpg 300w\" sizes=\"(max-width: 660px) 100vw, 660px\" \/><\/a>\n\t\t\t<\/div><\/figure><figure class='gallery-item'>\n\t\t\t<div class='gallery-icon landscape'>\n\t\t\t\t<a href='https:\/\/archive.sana.sy\/es\/wp-content\/uploads\/2018\/11\/assad7.jpg'><img loading=\"lazy\" decoding=\"async\" width=\"660\" height=\"370\" src=\"https:\/\/archive.sana.sy\/es\/wp-content\/uploads\/2018\/11\/assad7.jpg\" class=\"attachment-full size-full\" alt=\"\" srcset=\"https:\/\/archive.sana.sy\/es\/wp-content\/uploads\/2018\/11\/assad7.jpg 660w, https:\/\/archive.sana.sy\/es\/wp-content\/uploads\/2018\/11\/assad7-150x84.jpg 150w, https:\/\/archive.sana.sy\/es\/wp-content\/uploads\/2018\/11\/assad7-300x168.jpg 300w\" sizes=\"(max-width: 660px) 100vw, 660px\" \/><\/a>\n\t\t\t<\/div><\/figure><figure class='gallery-item'>\n\t\t\t<div class='gallery-icon landscape'>\n\t\t\t\t<a href='https:\/\/archive.sana.sy\/es\/wp-content\/uploads\/2018\/11\/assad8.jpg'><img loading=\"lazy\" decoding=\"async\" width=\"660\" height=\"366\" src=\"https:\/\/archive.sana.sy\/es\/wp-content\/uploads\/2018\/11\/assad8.jpg\" class=\"attachment-full size-full\" alt=\"\" srcset=\"https:\/\/archive.sana.sy\/es\/wp-content\/uploads\/2018\/11\/assad8.jpg 660w, https:\/\/archive.sana.sy\/es\/wp-content\/uploads\/2018\/11\/assad8-150x83.jpg 150w, https:\/\/archive.sana.sy\/es\/wp-content\/uploads\/2018\/11\/assad8-300x166.jpg 300w\" sizes=\"(max-width: 660px) 100vw, 660px\" \/><\/a>\n\t\t\t<\/div><\/figure>\n\t\t<\/div>\n\n<p style=\"text-align: justify;\">\n","protected":false},"excerpt":{"rendered":"<p>Damasco, SANA Prestaron este jueves juramento ante el presidente Bashar al-Assad, Dr. Atef Nadaf, ministro de Comercio Interior y Protecci\u00f3n del Consumidor, el mayor general Mohammed Khaled Al-Rahmoun, ministro del Interior, Ing. Mohammad Rami Radwan Martini, ministro de Turismo, Emad Mowafaq Al-Azeb, ministro de Educaci\u00f3n, Bassam Bashir Ibrahim, ministro de Educaci\u00f3n Superior, Ing. Suhail Mohammed &hellip;<\/p>\n","protected":false},"author":1,"featured_media":95199,"comment_status":"closed","ping_status":"closed","sticky":false,"template":"","format":"standard","meta":{"footnotes":""},"categories":[597,476,16237,626,7541],"tags":[13539],"class_list":["post-95171","post","type-post","status-publish","format-standard","has-post-thumbnail","","category-cinta-de-noticias","category-locales","category-presidence-de-la-republique-arabe-syria","category-sr-presidente","category-ultimas-noticias","tag-al-assad-reafirma-que-la-tarea-principal-ante-el-nuevo-gobierno-es-la-lucha-contra-la-corrupcion"],"_links":{"self":[{"href":"https:\/\/archive.sana.sy\/es\/index.php?rest_route=\/wp\/v2\/posts\/95171"}],"collection":[{"href":"https:\/\/archive.sana.sy\/es\/index.php?rest_route=\/wp\/v2\/posts"}],"about":[{"href":"https:\/\/archive.sana.sy\/es\/index.php?rest_route=\/wp\/v2\/types\/post"}],"author":[{"embeddable":true,"href":"https:\/\/archive.sana.sy\/es\/index.php?rest_route=\/wp\/v2\/users\/1"}],"replies":[{"embeddable":true,"href":"https:\/\/archive.sana.sy\/es\/index.php?rest_route=%2Fwp%2Fv2%2Fcomments&post=95171"}],"version-history":[{"count":0,"href":"https:\/\/archive.sana.sy\/es\/index.php?rest_route=\/wp\/v2\/posts\/95171\/revisions"}],"wp:featuredmedia":[{"embeddable":true,"href":"https:\/\/archive.sana.sy\/es\/index.php?rest_route=\/wp\/v2\/media\/95199"}],"wp:attachment":[{"href":"https:\/\/archive.sana.sy\/es\/index.php?rest_route=%2Fwp%2Fv2%2Fmedia&parent=95171"}],"wp:term":[{"taxonomy":"category","embeddable":true,"href":"https:\/\/archive.sana.sy\/es\/index.php?rest_route=%2Fwp%2Fv2%2Fcategories&post=95171"},{"taxonomy":"post_tag","embeddable":true,"href":"https:\/\/archive.sana.sy\/es\/index.php?rest_route=%2Fwp%2Fv2%2Ftags&post=95171"}],"curies":[{"name":"wp","href":"https:\/\/api.w.org\/{rel}","templated":true}]}}