{"id":95184,"date":"2018-11-29T22:07:06","date_gmt":"2018-11-29T20:07:06","guid":{"rendered":"https:\/\/www.sana.sy\/es\/?p=95184"},"modified":"2019-08-24T21:58:00","modified_gmt":"2019-08-24T18:58:00","slug":"ante-el-presidente-al-assad-oulabi-presta-juramento-como-nuevo-gobernador-de-damasco","status":"publish","type":"post","link":"https:\/\/archive.sana.sy\/es\/?p=95184","title":{"rendered":"Nuevo gobernador de Damasco presta juramento ante el presidente Al-Assad"},"content":{"rendered":"<p style=\"text-align: justify;\"><span style=\"color: #800000;\">Damasco, SANA<\/span><\/p>\n<p style=\"text-align: justify;\">El nuevo gobernador de Damasco, Adel Al-Olabi, prest\u00f3 juramento constitucional ante el presidente Bashar Al-Assad.<\/p>\n<p style=\"text-align: justify;\">El presidente se reuni\u00f3n con el nuevo gobernador y le dese\u00f3 \u00e9xito en el desempe\u00f1o de sus funciones.<\/p>\n<p style=\"text-align: justify;\">El d\u00eda 26 de este mes, el presidente al-Assad emiti\u00f3 el Decreto No. 363 que nombra a Adel Al-Olabi como Gobernador de la Ciudad de Damasco.<\/p>\n<p style=\"text-align: justify;\"><span style=\"color: #0000ff;\">Y. k.\/ F. Marouf\u00a0<\/span><\/p>\n","protected":false},"excerpt":{"rendered":"<p>Damasco, SANA El nuevo gobernador de Damasco, Adel Al-Olabi, prest\u00f3 juramento constitucional ante el presidente Bashar Al-Assad. El presidente se reuni\u00f3n con el nuevo gobernador y le dese\u00f3 \u00e9xito en el desempe\u00f1o de sus funciones. El d\u00eda 26 de este mes, el presidente al-Assad emiti\u00f3 el Decreto No. 363 que nombra a Adel Al-Olabi como &hellip;<\/p>\n","protected":false},"author":1,"featured_media":95185,"comment_status":"closed","ping_status":"closed","sticky":false,"template":"","format":"standard","meta":{"footnotes":""},"categories":[597,476,16237,7541],"tags":[13538],"class_list":["post-95184","post","type-post","status-publish","format-standard","has-post-thumbnail","","category-cinta-de-noticias","category-locales","category-presidence-de-la-republique-arabe-syria","category-ultimas-noticias","tag-nuevo-gobernador-de-damasco-presta-juramento-ante-el-presidente-al-assad"],"_links":{"self":[{"href":"https:\/\/archive.sana.sy\/es\/index.php?rest_route=\/wp\/v2\/posts\/95184"}],"collection":[{"href":"https:\/\/archive.sana.sy\/es\/index.php?rest_route=\/wp\/v2\/posts"}],"about":[{"href":"https:\/\/archive.sana.sy\/es\/index.php?rest_route=\/wp\/v2\/types\/post"}],"author":[{"embeddable":true,"href":"https:\/\/archive.sana.sy\/es\/index.php?rest_route=\/wp\/v2\/users\/1"}],"replies":[{"embeddable":true,"href":"https:\/\/archive.sana.sy\/es\/index.php?rest_route=%2Fwp%2Fv2%2Fcomments&post=95184"}],"version-history":[{"count":0,"href":"https:\/\/archive.sana.sy\/es\/index.php?rest_route=\/wp\/v2\/posts\/95184\/revisions"}],"wp:featuredmedia":[{"embeddable":true,"href":"https:\/\/archive.sana.sy\/es\/index.php?rest_route=\/wp\/v2\/media\/95185"}],"wp:attachment":[{"href":"https:\/\/archive.sana.sy\/es\/index.php?rest_route=%2Fwp%2Fv2%2Fmedia&parent=95184"}],"wp:term":[{"taxonomy":"category","embeddable":true,"href":"https:\/\/archive.sana.sy\/es\/index.php?rest_route=%2Fwp%2Fv2%2Fcategories&post=95184"},{"taxonomy":"post_tag","embeddable":true,"href":"https:\/\/archive.sana.sy\/es\/index.php?rest_route=%2Fwp%2Fv2%2Ftags&post=95184"}],"curies":[{"name":"wp","href":"https:\/\/api.w.org\/{rel}","templated":true}]}}