{"id":95231,"date":"2018-11-30T14:24:30","date_gmt":"2018-11-30T12:24:30","guid":{"rendered":"https:\/\/www.sana.sy\/es\/?p=95231"},"modified":"2023-01-10T15:10:14","modified_gmt":"2023-01-10T13:10:14","slug":"125-empresas-en-el-festival-de-compras-mensual-hecho-en-siria","status":"publish","type":"post","link":"https:\/\/archive.sana.sy\/es\/?p=95231","title":{"rendered":"125 empresas en el festival de compras mensual \u201cHecho en Siria\u201d"},"content":{"rendered":"<p><span style=\"color: #800000\">Deraa, SANA<\/span><\/p>\n<p>El festival de compras mensual \u201cHecho en Siria\u201d que organiza la C\u00e1mara de Comercio de Damasco comenz\u00f3 hoy sus actividades en Deraa y continuar\u00e1 hasta el d\u00eda siete del pr\u00f3ximo mes; el evento se desarrolla en el Mole May Center con la participaci\u00f3n de 125 empresas e instalaciones industriales en Siria.<\/p>\n<p>El director del festival, Mohamad el-Omar explic\u00f3 en una declaraci\u00f3n al reportero de SANA que el festival abarca una amplia variedad de art\u00edculos textiles, qu\u00edmicos, alimentos, detergentes, utensilios de cocina y artesan\u00edas con descuentos de 20-50%.<\/p>\n<p>Al-Omar se\u00f1al\u00f3 que el festival no es con \u00e1nimo de lucro y su objetivo es comercializar los art\u00edculos industriales sirios bajo el lema \u201cnuestra industria es nuestro futuro\u201d, y el mismo cuenta con una amplia participaci\u00f3n de empresarios de la industria en todas las provincias sirias.<\/p>\n<p><span style=\"color: #0000ff\">Riad Sh.\/ Ammar H.<\/span><\/p>\n","protected":false},"excerpt":{"rendered":"<p>Deraa, SANA El festival de compras mensual \u201cHecho en Siria\u201d que organiza la C\u00e1mara de Comercio de Damasco comenz\u00f3 hoy sus actividades en Deraa y continuar\u00e1 hasta el d\u00eda siete del pr\u00f3ximo mes; el evento se desarrolla en el Mole May Center con la participaci\u00f3n de 125 empresas e instalaciones industriales en Siria. El director &hellip;<\/p>\n","protected":false},"author":30,"featured_media":95232,"comment_status":"closed","ping_status":"closed","sticky":false,"template":"","format":"standard","meta":{"footnotes":""},"categories":[597,485,476,7541],"tags":[13545],"class_list":["post-95231","post","type-post","status-publish","format-standard","has-post-thumbnail","","category-cinta-de-noticias","category-informes-negocios-y-finanzas","category-locales","category-ultimas-noticias","tag-125-empresas-en-el-festival-de-compras-mensual-hecho-en-siria"],"_links":{"self":[{"href":"https:\/\/archive.sana.sy\/es\/index.php?rest_route=\/wp\/v2\/posts\/95231"}],"collection":[{"href":"https:\/\/archive.sana.sy\/es\/index.php?rest_route=\/wp\/v2\/posts"}],"about":[{"href":"https:\/\/archive.sana.sy\/es\/index.php?rest_route=\/wp\/v2\/types\/post"}],"author":[{"embeddable":true,"href":"https:\/\/archive.sana.sy\/es\/index.php?rest_route=\/wp\/v2\/users\/30"}],"replies":[{"embeddable":true,"href":"https:\/\/archive.sana.sy\/es\/index.php?rest_route=%2Fwp%2Fv2%2Fcomments&post=95231"}],"version-history":[{"count":0,"href":"https:\/\/archive.sana.sy\/es\/index.php?rest_route=\/wp\/v2\/posts\/95231\/revisions"}],"wp:featuredmedia":[{"embeddable":true,"href":"https:\/\/archive.sana.sy\/es\/index.php?rest_route=\/wp\/v2\/media\/95232"}],"wp:attachment":[{"href":"https:\/\/archive.sana.sy\/es\/index.php?rest_route=%2Fwp%2Fv2%2Fmedia&parent=95231"}],"wp:term":[{"taxonomy":"category","embeddable":true,"href":"https:\/\/archive.sana.sy\/es\/index.php?rest_route=%2Fwp%2Fv2%2Fcategories&post=95231"},{"taxonomy":"post_tag","embeddable":true,"href":"https:\/\/archive.sana.sy\/es\/index.php?rest_route=%2Fwp%2Fv2%2Ftags&post=95231"}],"curies":[{"name":"wp","href":"https:\/\/api.w.org\/{rel}","templated":true}]}}