{"id":95238,"date":"2018-11-30T19:01:15","date_gmt":"2018-11-30T17:01:15","guid":{"rendered":"https:\/\/www.sana.sy\/es\/?p=95238"},"modified":"2018-11-30T20:19:19","modified_gmt":"2018-11-30T18:19:19","slug":"cancilleria-las-masacres-de-la-coalicion-coinciden-en-sus-metas-con-las-agresiones-israelies","status":"publish","type":"post","link":"https:\/\/archive.sana.sy\/es\/?p=95238","title":{"rendered":"Canciller\u00eda: las masacres de la &#8220;Coalici\u00f3n&#8221; coinciden en sus metas con las agresiones israel\u00edes"},"content":{"rendered":"<p style=\"text-align: justify;\"><span style=\"color: #800000;\">Damasco, SANA<\/span><\/p>\n<p style=\"text-align: justify;\">Siria afirm\u00f3 que las continuas agresiones que perpetra la aviaci\u00f3n de la &#8220;Coalici\u00f3n Internacional&#8221; timoneada por Washington complementan el c\u00edrculo de agresi\u00f3n y coinciden en sus metas con las repetidas agresiones israel\u00edes cuyo \u00faltimo episodio fue el ataque de ayer sobre la zona de Kisswa al sur de Damasco.<\/p>\n<p style=\"text-align: justify;\">El Ministerio de Exteriores y Expatriados dirigi\u00f3 una misiva al secretario general de la ONU y al presidente del Consejo de Seguridad sobre las agresiones israelo-norteamericanas contra la soberan\u00eda de la Rep\u00fablica \u00c1rabe de Siria, en la cual afirma que la aviaci\u00f3n de la &#8220;Coalici\u00f3n Internacional&#8221; ilegal ,dirigida por EE.UU., continu\u00f3 sus cr\u00edmenes salvajes contra los civiles sirios inocentes, cometiendo en la fecha del 30 de noviembre de 2018 una nueva masacre en el poblado de al-Shaafa en el campo de Deir Ezzor donde bombarde\u00f3 viviendas y propiedades de la poblaci\u00f3n civil provocando el martirologio de m\u00e1s de 30 civiles, en su mayor\u00eda mujeres y ni\u00f1os, el cual saldo podr\u00eda aumentar como resultado de la enorme destrucci\u00f3n causada en viviendas y propiedades de los aldeanos que contin\u00faan buscando los cad\u00e1veres de sus familiares entre los escombros.<\/p>\n<p style=\"text-align: justify;\">&#8220;Persistir en esos cr\u00edmenes es una expresi\u00f3n clara de la despreocupaci\u00f3n de EE.UU. hacia los valores humanos y su desprecio al derecho internacional que cre\u00f3 a su Coalici\u00f3n contraviniendo totalmente al mismo&#8221;, agreg\u00f3.<\/p>\n<p style=\"text-align: justify;\">Canciller\u00eda a\u00f1adi\u00f3 que ello viene a la sombra del silencio permanente de algunos pa\u00edses hacia esos cr\u00edmenes que constituyen cr\u00edmenes de guerra y cr\u00edmenes contra la humanidad, puesto que se hacen de la vista gorda ante la muerte de miles de civiles y la destrucci\u00f3n de poblados enteros, por tanto aquellos pa\u00edses toman parte de la &#8220;Coalici\u00f3n&#8221; que s\u00f3lo ataca a civiles (mujeres, ni\u00f1os y ancianos).<\/p>\n<p style=\"text-align: justify;\">&#8220;El silencio de pa\u00edses y organizaciones internacionales ante los cr\u00edmenes de EE.UU. y su falsa Coalici\u00f3n pone al descubierto la hipocres\u00eda de esos pa\u00edses cuyos dobles raseros ya son harto conocidos por los pueblos del mundo.&#8221;, asever\u00f3.<\/p>\n<p style=\"text-align: justify;\">El Ministerio subray\u00f3 que esas agresiones frecuentes complementan el ciclo de agresi\u00f3n contra la soberan\u00eda e integridad territorial de la Rep\u00fablica \u00c1rabe de Siria y coinciden en sus metas con las repetidas agresiones israel\u00edes cuyo \u00faltimo episodio fue en la noche del 29 de noviembre de 2018 contra la zona de Kisswa al sur de Damasco.<\/p>\n<p style=\"text-align: justify;\">&#8220;La Rep\u00fablica \u00c1rabe de Siria condena esos cr\u00edmenes y agresiones continuas y exige al Consejo de Seguridad y a los pa\u00edses miembros de la ONU a movilizarse de inmediato para ponerles coto y hacer valer la responsabilidad internacional para cesar las repetidas violaciones de la ley internacional y cumplir con el deber de preservar la paz internacional e instaurar el imperio de la ley a nivel internacional.&#8221;, reclam\u00f3.<\/p>\n<p style=\"text-align: justify;\"><span style=\"color: #0000ff;\">Riad Sh.\/ R. Rashed\u00a0<\/span><\/p>\n","protected":false},"excerpt":{"rendered":"<p>Damasco, SANA Siria afirm\u00f3 que las continuas agresiones que perpetra la aviaci\u00f3n de la &#8220;Coalici\u00f3n Internacional&#8221; timoneada por Washington complementan el c\u00edrculo de agresi\u00f3n y coinciden en sus metas con las repetidas agresiones israel\u00edes cuyo \u00faltimo episodio fue el ataque de ayer sobre la zona de Kisswa al sur de Damasco. El Ministerio de Exteriores &hellip;<\/p>\n","protected":false},"author":1,"featured_media":95247,"comment_status":"closed","ping_status":"closed","sticky":false,"template":"","format":"standard","meta":{"footnotes":""},"categories":[597,476,583],"tags":[13547],"class_list":["post-95238","post","type-post","status-publish","format-standard","has-post-thumbnail","","category-cinta-de-noticias","category-locales","category-slide","tag-cancilleria-las-masacres-de-la-coalicion-coinciden-en-sus-metas-con-las-agresiones-israelies"],"_links":{"self":[{"href":"https:\/\/archive.sana.sy\/es\/index.php?rest_route=\/wp\/v2\/posts\/95238"}],"collection":[{"href":"https:\/\/archive.sana.sy\/es\/index.php?rest_route=\/wp\/v2\/posts"}],"about":[{"href":"https:\/\/archive.sana.sy\/es\/index.php?rest_route=\/wp\/v2\/types\/post"}],"author":[{"embeddable":true,"href":"https:\/\/archive.sana.sy\/es\/index.php?rest_route=\/wp\/v2\/users\/1"}],"replies":[{"embeddable":true,"href":"https:\/\/archive.sana.sy\/es\/index.php?rest_route=%2Fwp%2Fv2%2Fcomments&post=95238"}],"version-history":[{"count":0,"href":"https:\/\/archive.sana.sy\/es\/index.php?rest_route=\/wp\/v2\/posts\/95238\/revisions"}],"wp:featuredmedia":[{"embeddable":true,"href":"https:\/\/archive.sana.sy\/es\/index.php?rest_route=\/wp\/v2\/media\/95247"}],"wp:attachment":[{"href":"https:\/\/archive.sana.sy\/es\/index.php?rest_route=%2Fwp%2Fv2%2Fmedia&parent=95238"}],"wp:term":[{"taxonomy":"category","embeddable":true,"href":"https:\/\/archive.sana.sy\/es\/index.php?rest_route=%2Fwp%2Fv2%2Fcategories&post=95238"},{"taxonomy":"post_tag","embeddable":true,"href":"https:\/\/archive.sana.sy\/es\/index.php?rest_route=%2Fwp%2Fv2%2Ftags&post=95238"}],"curies":[{"name":"wp","href":"https:\/\/api.w.org\/{rel}","templated":true}]}}