{"id":95245,"date":"2018-11-30T20:32:51","date_gmt":"2018-11-30T18:32:51","guid":{"rendered":"https:\/\/www.sana.sy\/es\/?p=95245"},"modified":"2018-11-30T20:55:12","modified_gmt":"2018-11-30T18:55:12","slug":"putin-el-ataque-quimico-efectuado-por-terroristas-contra-alepo-no-debe-quedar-impune","status":"publish","type":"post","link":"https:\/\/archive.sana.sy\/es\/?p=95245","title":{"rendered":"Putin: el ataque qu\u00edmico efectuado por terroristas contra Alepo no debe quedar impune"},"content":{"rendered":"<p style=\"text-align: justify;\"><span style=\"color: #800000;\">Buenos Aires, SANA<\/span><\/p>\n<p style=\"text-align: justify;\">El presidente ruso Vladimir Putin afirm\u00f3 que el ataque qu\u00edmico efectuado por terroristas contra la ciudad de Alepo no debe quedar impune.<\/p>\n<p style=\"text-align: justify;\">La agencia Novosti citando las palabras de Putin durante una reuni\u00f3n de los l\u00edderes del BRICS al margen de la cumbre del G-20 en Buenos Aires dijo que &#8220;los armados en Siria contin\u00faan lanzando ataques contra las tropas gubernamentales&#8221; y se\u00f1al\u00f3 que el asalto efectuado el 24 de noviembre contra la poblaci\u00f3n al oeste de Alepo por medio de sustancias qu\u00edmicas t\u00f3xicas, posiblemente el cloro, constituye una nueva violaci\u00f3n flagrante.<\/p>\n<p style=\"text-align: justify;\">Putin advirti\u00f3 que los dobles raseros y las soluciones a medias son inaceptables a la hora de tratar con los terroristas.<\/p>\n<p style=\"text-align: justify;\">&#8220;En lo referente a las agrupaciones terroristas pues el uso de dobles raseros o cualquier tipo de arreglo o arriesgarse a usarlos para fines geopol\u00edticos es inaceptable porque entonces cometer\u00edan nuevos horrores sangrientos.&#8221;, opin\u00f3.<\/p>\n<p style=\"text-align: justify;\">En el mismo contexto, Putin subray\u00f3 la necesidad de reforzar el proceso pol\u00edtico para resolver la crisis en Siria a fin de instaurar una estabilidad duradera y se\u00f1al\u00f3 que para tal fin Rusia trabaja con los socios (Ir\u00e1n y Turqu\u00eda) en marco de la f\u00f3rmula de Astan\u00e1 para alcanzar un arreglo pol\u00edtico real y conformar una comisi\u00f3n para debatir la constituci\u00f3n lo m\u00e1s pronto.<\/p>\n<p style=\"text-align: justify;\"><span style=\"color: #0000ff;\">Riad Sh.\/ R. Rashed\u00a0<\/span><\/p>\n","protected":false},"excerpt":{"rendered":"<p>Buenos Aires, SANA El presidente ruso Vladimir Putin afirm\u00f3 que el ataque qu\u00edmico efectuado por terroristas contra la ciudad de Alepo no debe quedar impune. La agencia Novosti citando las palabras de Putin durante una reuni\u00f3n de los l\u00edderes del BRICS al margen de la cumbre del G-20 en Buenos Aires dijo que &#8220;los armados &hellip;<\/p>\n","protected":false},"author":1,"featured_media":95246,"comment_status":"closed","ping_status":"closed","sticky":false,"template":"","format":"standard","meta":{"footnotes":""},"categories":[597,467,7541],"tags":[13548],"class_list":["post-95245","post","type-post","status-publish","format-standard","has-post-thumbnail","","category-cinta-de-noticias","category-siria-y-el-mundo","category-ultimas-noticias","tag-putin-el-ataque-quimico-efectuado-por-terroristas-contra-alepo-no-debe-quedar-impune"],"_links":{"self":[{"href":"https:\/\/archive.sana.sy\/es\/index.php?rest_route=\/wp\/v2\/posts\/95245"}],"collection":[{"href":"https:\/\/archive.sana.sy\/es\/index.php?rest_route=\/wp\/v2\/posts"}],"about":[{"href":"https:\/\/archive.sana.sy\/es\/index.php?rest_route=\/wp\/v2\/types\/post"}],"author":[{"embeddable":true,"href":"https:\/\/archive.sana.sy\/es\/index.php?rest_route=\/wp\/v2\/users\/1"}],"replies":[{"embeddable":true,"href":"https:\/\/archive.sana.sy\/es\/index.php?rest_route=%2Fwp%2Fv2%2Fcomments&post=95245"}],"version-history":[{"count":0,"href":"https:\/\/archive.sana.sy\/es\/index.php?rest_route=\/wp\/v2\/posts\/95245\/revisions"}],"wp:featuredmedia":[{"embeddable":true,"href":"https:\/\/archive.sana.sy\/es\/index.php?rest_route=\/wp\/v2\/media\/95246"}],"wp:attachment":[{"href":"https:\/\/archive.sana.sy\/es\/index.php?rest_route=%2Fwp%2Fv2%2Fmedia&parent=95245"}],"wp:term":[{"taxonomy":"category","embeddable":true,"href":"https:\/\/archive.sana.sy\/es\/index.php?rest_route=%2Fwp%2Fv2%2Fcategories&post=95245"},{"taxonomy":"post_tag","embeddable":true,"href":"https:\/\/archive.sana.sy\/es\/index.php?rest_route=%2Fwp%2Fv2%2Ftags&post=95245"}],"curies":[{"name":"wp","href":"https:\/\/api.w.org\/{rel}","templated":true}]}}