{"id":95511,"date":"2018-12-04T19:34:07","date_gmt":"2018-12-04T17:34:07","guid":{"rendered":"https:\/\/www.sana.sy\/es\/?p=95511"},"modified":"2018-12-04T19:50:15","modified_gmt":"2018-12-04T17:50:15","slug":"ejercito-destruye-un-vehiculo-de-terroristas-en-el-norte-de-hama","status":"publish","type":"post","link":"https:\/\/archive.sana.sy\/es\/?p=95511","title":{"rendered":"Ej\u00e9rcito destruye un veh\u00edculo de terroristas en el norte de Hama"},"content":{"rendered":"<p style=\"text-align: justify\"><span style=\"color: #800000\">Idleb, SANA<\/span><\/p>\n<p style=\"text-align: justify\">Una unidad del Ej\u00e9rcito sirio frustr\u00f3 el intento de un grupo terrorista de infiltrarse desde el campo sur de Idleb hacia los puntos del ej\u00e9rcito en las zonas del campo norte de Hama.<\/p>\n<p style=\"text-align: justify\">&#8220;Los militares sirios detectaron un veh\u00edculo que transportaba a un grupo de terroristas procedente del campo sur de Idleb e intentaba infiltrarse hacia el poblado de Jaissat en el campo norte de Hama&#8221;, inform\u00f3 una fuente militar.<\/p>\n<p style=\"text-align: justify\">Agreg\u00f3 que el ej\u00e9rcito abri\u00f3 el fuego contra dicho veh\u00edculo y lo destruy\u00f3, y elimin\u00f3 a todos los terroristas que se trasladaban en el mismo.<\/p>\n<p style=\"text-align: justify\"><span style=\"color: #0000ff\">F. Marouf \/ E. Dubian\u00a0<\/span><\/p>\n","protected":false},"excerpt":{"rendered":"<p>Idleb, SANA Una unidad del Ej\u00e9rcito sirio frustr\u00f3 el intento de un grupo terrorista de infiltrarse desde el campo sur de Idleb hacia los puntos del ej\u00e9rcito en las zonas del campo norte de Hama. &#8220;Los militares sirios detectaron un veh\u00edculo que transportaba a un grupo de terroristas procedente del campo sur de Idleb e &hellip;<\/p>\n","protected":false},"author":1,"featured_media":95512,"comment_status":"closed","ping_status":"closed","sticky":false,"template":"","format":"standard","meta":{"footnotes":""},"categories":[597,573,7541],"tags":[13597],"class_list":["post-95511","post","type-post","status-publish","format-standard","has-post-thumbnail","","category-cinta-de-noticias","category-la-realidad-de-los-acontecimientos-en-siria","category-ultimas-noticias","tag-ejercito-destruye-un-vehiculo-de-terroristas-en-el-norte-de-hama"],"_links":{"self":[{"href":"https:\/\/archive.sana.sy\/es\/index.php?rest_route=\/wp\/v2\/posts\/95511"}],"collection":[{"href":"https:\/\/archive.sana.sy\/es\/index.php?rest_route=\/wp\/v2\/posts"}],"about":[{"href":"https:\/\/archive.sana.sy\/es\/index.php?rest_route=\/wp\/v2\/types\/post"}],"author":[{"embeddable":true,"href":"https:\/\/archive.sana.sy\/es\/index.php?rest_route=\/wp\/v2\/users\/1"}],"replies":[{"embeddable":true,"href":"https:\/\/archive.sana.sy\/es\/index.php?rest_route=%2Fwp%2Fv2%2Fcomments&post=95511"}],"version-history":[{"count":0,"href":"https:\/\/archive.sana.sy\/es\/index.php?rest_route=\/wp\/v2\/posts\/95511\/revisions"}],"wp:featuredmedia":[{"embeddable":true,"href":"https:\/\/archive.sana.sy\/es\/index.php?rest_route=\/wp\/v2\/media\/95512"}],"wp:attachment":[{"href":"https:\/\/archive.sana.sy\/es\/index.php?rest_route=%2Fwp%2Fv2%2Fmedia&parent=95511"}],"wp:term":[{"taxonomy":"category","embeddable":true,"href":"https:\/\/archive.sana.sy\/es\/index.php?rest_route=%2Fwp%2Fv2%2Fcategories&post=95511"},{"taxonomy":"post_tag","embeddable":true,"href":"https:\/\/archive.sana.sy\/es\/index.php?rest_route=%2Fwp%2Fv2%2Ftags&post=95511"}],"curies":[{"name":"wp","href":"https:\/\/api.w.org\/{rel}","templated":true}]}}