{"id":95531,"date":"2018-12-04T19:12:07","date_gmt":"2018-12-04T17:12:07","guid":{"rendered":"https:\/\/www.sana.sy\/es\/?p=95531"},"modified":"2023-01-10T15:16:09","modified_gmt":"2023-01-10T13:16:09","slug":"primer-ministro-preside-una-reunion-del-sector-bancario-publico","status":"publish","type":"post","link":"https:\/\/archive.sana.sy\/es\/?p=95531","title":{"rendered":"Primer Ministro preside una reuni\u00f3n del sector bancario p\u00fablico"},"content":{"rendered":"<p style=\"text-align: justify\"><span style=\"color: #800000\">Damasco, SANA<\/span><\/p>\n<p style=\"text-align: justify\">El primer ministro, Imad Khamis, encabez\u00f3 este martes una reuni\u00f3n de representantes del sector bancario p\u00fablico en la sede del Banco Comercial de Siria.<\/p>\n<p style=\"text-align: justify\">En la reuni\u00f3n fueron abordadas las medidas necesarias para desarrollar el desempe\u00f1o de los bancos p\u00fablicos en la pr\u00f3xima etapa, inclusive el desarrollo de las legislaciones y los cr\u00e9ditos, solucionar el tema de los pr\u00e9stamos dudosos, y la inversi\u00f3n de los fondos en aras de impulsar el fomento.<\/p>\n<p>Asimismo se acord\u00f3 dar m\u00e1s flexibilidad a los servicios de los bancos p\u00fablicos seg\u00fan normas adecuadas, otorgar facilidades de cr\u00e9ditos y aceptar dep\u00f3sitos luego de que el Banco Central de Siria proceda a desarrollar el ambiente que rige dichos procedimientos.<\/p>\n<p style=\"text-align: justify\">A continuaci\u00f3n, el primer ministro sostuvo otra reuni\u00f3n en la sede del Organismo de Inversi\u00f3n, en la cual se decidi\u00f3 encargar al Ministerio de Econom\u00eda y Comercio Exterior, y a las instituciones de la Planificaci\u00f3n Regional e Inversi\u00f3n, y de la Planificaci\u00f3n y Cooperaci\u00f3n Internacional elaborar una lista con la oportunidad de inversi\u00f3n en Siria, as\u00ed como crear una base de datos de los proyectos a invertir.<\/p>\n<p style=\"text-align: justify\">Asimismo, cada ministerio fue encargado de crear su propio plan de inversi\u00f3n para determinar los proyectos que representan una buena oportunidad de inversi\u00f3n, y de conceder las facilidades necesarias a los inversionistas tanto locales como extranjeros.<\/p>\n<p style=\"text-align: justify\">Lynn A.<\/p>\n","protected":false},"excerpt":{"rendered":"<p>Damasco, SANA El primer ministro, Imad Khamis, encabez\u00f3 este martes una reuni\u00f3n de representantes del sector bancario p\u00fablico en la sede del Banco Comercial de Siria. En la reuni\u00f3n fueron abordadas las medidas necesarias para desarrollar el desempe\u00f1o de los bancos p\u00fablicos en la pr\u00f3xima etapa, inclusive el desarrollo de las legislaciones y los cr\u00e9ditos, &hellip;<\/p>\n","protected":false},"author":24,"featured_media":95532,"comment_status":"closed","ping_status":"closed","sticky":false,"template":"","format":"standard","meta":{"footnotes":""},"categories":[485,7541],"tags":[],"class_list":["post-95531","post","type-post","status-publish","format-standard","has-post-thumbnail","","category-informes-negocios-y-finanzas","category-ultimas-noticias"],"_links":{"self":[{"href":"https:\/\/archive.sana.sy\/es\/index.php?rest_route=\/wp\/v2\/posts\/95531"}],"collection":[{"href":"https:\/\/archive.sana.sy\/es\/index.php?rest_route=\/wp\/v2\/posts"}],"about":[{"href":"https:\/\/archive.sana.sy\/es\/index.php?rest_route=\/wp\/v2\/types\/post"}],"author":[{"embeddable":true,"href":"https:\/\/archive.sana.sy\/es\/index.php?rest_route=\/wp\/v2\/users\/24"}],"replies":[{"embeddable":true,"href":"https:\/\/archive.sana.sy\/es\/index.php?rest_route=%2Fwp%2Fv2%2Fcomments&post=95531"}],"version-history":[{"count":0,"href":"https:\/\/archive.sana.sy\/es\/index.php?rest_route=\/wp\/v2\/posts\/95531\/revisions"}],"wp:featuredmedia":[{"embeddable":true,"href":"https:\/\/archive.sana.sy\/es\/index.php?rest_route=\/wp\/v2\/media\/95532"}],"wp:attachment":[{"href":"https:\/\/archive.sana.sy\/es\/index.php?rest_route=%2Fwp%2Fv2%2Fmedia&parent=95531"}],"wp:term":[{"taxonomy":"category","embeddable":true,"href":"https:\/\/archive.sana.sy\/es\/index.php?rest_route=%2Fwp%2Fv2%2Fcategories&post=95531"},{"taxonomy":"post_tag","embeddable":true,"href":"https:\/\/archive.sana.sy\/es\/index.php?rest_route=%2Fwp%2Fv2%2Ftags&post=95531"}],"curies":[{"name":"wp","href":"https:\/\/api.w.org\/{rel}","templated":true}]}}