{"id":95861,"date":"2018-12-09T20:27:09","date_gmt":"2018-12-09T18:27:09","guid":{"rendered":"https:\/\/www.sana.sy\/es\/?p=95861"},"modified":"2018-12-10T08:22:31","modified_gmt":"2018-12-10T06:22:31","slug":"sirios-condenan-presencia-ilegal-de-fuerzas-extranjeras-en-siria","status":"publish","type":"post","link":"https:\/\/archive.sana.sy\/es\/?p=95861","title":{"rendered":"Protesta en Qamishli contra presencia ilegal de fuerzas extranjeras en Siria"},"content":{"rendered":"<p style=\"text-align: justify\"><span style=\"color: #800000\">Hassakeh, SANA<\/span><\/p>\n<p style=\"text-align: justify\">Decenas de activistas se dieron cita en la ciudad de Qamishli en la provincia siria de Hassakeh, para denunciar la presencia ilegal de tropas estadounidenses y turcas en el territorio sirio.<\/p>\n<p style=\"text-align: justify\">Los manifestantes condenaron la injerencia de Estados Unidos y Turqu\u00eda en los asuntos internos de Siria y los intentos de socavar la unidad nacional en la Regi\u00f3n Oriental del pa\u00eds.<\/p>\n<p style=\"text-align: justify\">De igual modo, denunciaron la visita del ex ministro de Relaciones Exteriores de Francia, Bernard Kouchner, a la regi\u00f3n.<\/p>\n<p style=\"text-align: justify\">Asimismo, expresaron su apoyo al ej\u00e9rcito y al estado sirio.<\/p>\n<p style=\"text-align: justify\"><span style=\"color: #0000ff\">Y. K.\/ F. M.\/ A. H.<\/span><\/p>\n","protected":false},"excerpt":{"rendered":"<p>Hassakeh, SANA Decenas de activistas se dieron cita en la ciudad de Qamishli en la provincia siria de Hassakeh, para denunciar la presencia ilegal de tropas estadounidenses y turcas en el territorio sirio. Los manifestantes condenaron la injerencia de Estados Unidos y Turqu\u00eda en los asuntos internos de Siria y los intentos de socavar la &hellip;<\/p>\n","protected":false},"author":1,"featured_media":95862,"comment_status":"closed","ping_status":"closed","sticky":false,"template":"","format":"standard","meta":{"footnotes":""},"categories":[597,476,7541],"tags":[13654],"class_list":["post-95861","post","type-post","status-publish","format-standard","has-post-thumbnail","","category-cinta-de-noticias","category-locales","category-ultimas-noticias","tag-protesta-en-qamishli-contra-presencia-ilegal-de-fuerzas-extranjeras-en-siria"],"_links":{"self":[{"href":"https:\/\/archive.sana.sy\/es\/index.php?rest_route=\/wp\/v2\/posts\/95861"}],"collection":[{"href":"https:\/\/archive.sana.sy\/es\/index.php?rest_route=\/wp\/v2\/posts"}],"about":[{"href":"https:\/\/archive.sana.sy\/es\/index.php?rest_route=\/wp\/v2\/types\/post"}],"author":[{"embeddable":true,"href":"https:\/\/archive.sana.sy\/es\/index.php?rest_route=\/wp\/v2\/users\/1"}],"replies":[{"embeddable":true,"href":"https:\/\/archive.sana.sy\/es\/index.php?rest_route=%2Fwp%2Fv2%2Fcomments&post=95861"}],"version-history":[{"count":0,"href":"https:\/\/archive.sana.sy\/es\/index.php?rest_route=\/wp\/v2\/posts\/95861\/revisions"}],"wp:featuredmedia":[{"embeddable":true,"href":"https:\/\/archive.sana.sy\/es\/index.php?rest_route=\/wp\/v2\/media\/95862"}],"wp:attachment":[{"href":"https:\/\/archive.sana.sy\/es\/index.php?rest_route=%2Fwp%2Fv2%2Fmedia&parent=95861"}],"wp:term":[{"taxonomy":"category","embeddable":true,"href":"https:\/\/archive.sana.sy\/es\/index.php?rest_route=%2Fwp%2Fv2%2Fcategories&post=95861"},{"taxonomy":"post_tag","embeddable":true,"href":"https:\/\/archive.sana.sy\/es\/index.php?rest_route=%2Fwp%2Fv2%2Ftags&post=95861"}],"curies":[{"name":"wp","href":"https:\/\/api.w.org\/{rel}","templated":true}]}}