{"id":95864,"date":"2018-12-09T20:46:04","date_gmt":"2018-12-09T18:46:04","guid":{"rendered":"https:\/\/www.sana.sy\/es\/?p=95864"},"modified":"2018-12-09T20:46:04","modified_gmt":"2018-12-09T18:46:04","slug":"delegacion-jordana-estamos-dispuestos-a-apoyar-a-siria-en-la-etapa-de-reconstruccion","status":"publish","type":"post","link":"https:\/\/archive.sana.sy\/es\/?p=95864","title":{"rendered":"Delegaci\u00f3n jordana: Estamos dispuestos a apoyar a Siria en la etapa de reconstrucci\u00f3n"},"content":{"rendered":"<p>Damasco-SANA<\/p>\n<p>El presidente de la Asamblea Popular siria, Hamouda Sabbagh, afirm\u00f3 durante una reuni\u00f3n con una delegaci\u00f3n del Sindicato de Ingenieros jordanos, la importancia de promover e intercambiar las experiencias entre los sindicatos y uniones profesionales de Siria y Jordania.<\/p>\n<p>Sabbagh opin\u00f3 que la visita de la delegaci\u00f3n jordana a Siria representa una verdadera expresi\u00f3n de su solidaridad y apoyo a Siria en la guerra a la que afronta, se\u00f1alando al mismo tiempo, los lazos sociales profundos que unen a los pueblos sirio y jordano<\/p>\n<p>Por su parte, el presidente de los ingenieros jordanos, y jefe de la delegaci\u00f3n, Ahmed Al-Zubi, subray\u00f3 la disposici\u00f3n del sindicato para apoyar a los hermanos en Siria durante la etapa de reconstrucci\u00f3n.<\/p>\n<p>Y.K.-I.<\/p>\n","protected":false},"excerpt":{"rendered":"<p>Damasco-SANA El presidente de la Asamblea Popular siria, Hamouda Sabbagh, afirm\u00f3 durante una reuni\u00f3n con una delegaci\u00f3n del Sindicato de Ingenieros jordanos, la importancia de promover e intercambiar las experiencias entre los sindicatos y uniones profesionales de Siria y Jordania. Sabbagh opin\u00f3 que la visita de la delegaci\u00f3n jordana a Siria representa una verdadera expresi\u00f3n &hellip;<\/p>\n","protected":false},"author":1,"featured_media":95865,"comment_status":"closed","ping_status":"closed","sticky":false,"template":"","format":"standard","meta":{"footnotes":""},"categories":[467,7541],"tags":[],"class_list":["post-95864","post","type-post","status-publish","format-standard","has-post-thumbnail","","category-siria-y-el-mundo","category-ultimas-noticias"],"_links":{"self":[{"href":"https:\/\/archive.sana.sy\/es\/index.php?rest_route=\/wp\/v2\/posts\/95864"}],"collection":[{"href":"https:\/\/archive.sana.sy\/es\/index.php?rest_route=\/wp\/v2\/posts"}],"about":[{"href":"https:\/\/archive.sana.sy\/es\/index.php?rest_route=\/wp\/v2\/types\/post"}],"author":[{"embeddable":true,"href":"https:\/\/archive.sana.sy\/es\/index.php?rest_route=\/wp\/v2\/users\/1"}],"replies":[{"embeddable":true,"href":"https:\/\/archive.sana.sy\/es\/index.php?rest_route=%2Fwp%2Fv2%2Fcomments&post=95864"}],"version-history":[{"count":0,"href":"https:\/\/archive.sana.sy\/es\/index.php?rest_route=\/wp\/v2\/posts\/95864\/revisions"}],"wp:featuredmedia":[{"embeddable":true,"href":"https:\/\/archive.sana.sy\/es\/index.php?rest_route=\/wp\/v2\/media\/95865"}],"wp:attachment":[{"href":"https:\/\/archive.sana.sy\/es\/index.php?rest_route=%2Fwp%2Fv2%2Fmedia&parent=95864"}],"wp:term":[{"taxonomy":"category","embeddable":true,"href":"https:\/\/archive.sana.sy\/es\/index.php?rest_route=%2Fwp%2Fv2%2Fcategories&post=95864"},{"taxonomy":"post_tag","embeddable":true,"href":"https:\/\/archive.sana.sy\/es\/index.php?rest_route=%2Fwp%2Fv2%2Ftags&post=95864"}],"curies":[{"name":"wp","href":"https:\/\/api.w.org\/{rel}","templated":true}]}}