{"id":95987,"date":"2018-12-11T18:52:44","date_gmt":"2018-12-11T16:52:44","guid":{"rendered":"https:\/\/www.sana.sy\/es\/?p=95987"},"modified":"2019-08-24T21:54:27","modified_gmt":"2019-08-24T18:54:27","slug":"embajadores-de-venezuela-y-armenia-entregan-cartas-credenciales-al-presidente-al-assad","status":"publish","type":"post","link":"https:\/\/archive.sana.sy\/es\/?p=95987","title":{"rendered":"Embajadores de Venezuela y Armenia entregan cartas credenciales al presidente Al-Assad"},"content":{"rendered":"<p style=\"text-align: justify;\"><span style=\"color: #800000;\">Damasco, SANA<\/span><\/p>\n<p style=\"text-align: justify;\">El presidente Bashar Al-Assad, recibi\u00f3 este martes las cartas credenciales de Jos\u00e9 Gregorio Biomorgi Muzattiz, el nuevo embajador de la Rep\u00fablica Bolivariana de Venezuela ante el gobierno de la Rep\u00fablica \u00c1rabe Siria.<\/p>\n<p style=\"text-align: justify;\">El presidente recibi\u00f3 tambi\u00e9n las Cartas de Estilo del nuevo embajador de Armenia en la Rep\u00fablica \u00c1rabe Siria, Dickran Kivorkian.<\/p>\n<p style=\"text-align: justify;\">Acto seguido, el presidente se reuni\u00f3 por separado con ambos embajadores, y les dese\u00f3 todo \u00e9xito en sus futuras funciones.<\/p>\n<p style=\"text-align: justify;\">El Ministro de Exteriores, Walid Al-Moallem, y el ministro de Asuntos de la Presidencia, Mansour Azzam, asistieron el acto de entrega de las cartas credenciales.<\/p>\n<p style=\"text-align: justify;\">Ambos embajadores fueron recibidos y despedidos con los usuales protocolos.<\/p>\n<p style=\"text-align: justify;\"><span style=\"color: #0000ff;\">F. Marouf\/ Dr. A. Shaban<\/span><\/p>\n","protected":false},"excerpt":{"rendered":"<p>Damasco, SANA El presidente Bashar Al-Assad, recibi\u00f3 este martes las cartas credenciales de Jos\u00e9 Gregorio Biomorgi Muzattiz, el nuevo embajador de la Rep\u00fablica Bolivariana de Venezuela ante el gobierno de la Rep\u00fablica \u00c1rabe Siria. El presidente recibi\u00f3 tambi\u00e9n las Cartas de Estilo del nuevo embajador de Armenia en la Rep\u00fablica \u00c1rabe Siria, Dickran Kivorkian. Acto &hellip;<\/p>\n","protected":false},"author":1,"featured_media":95990,"comment_status":"closed","ping_status":"closed","sticky":false,"template":"","format":"standard","meta":{"footnotes":""},"categories":[597,16237,583,626],"tags":[13671],"class_list":["post-95987","post","type-post","status-publish","format-standard","has-post-thumbnail","","category-cinta-de-noticias","category-presidence-de-la-republique-arabe-syria","category-slide","category-sr-presidente","tag-embajadores-de-venezuela-y-armenia-entregan-cartas-credenciales-al-presidente-al-assad"],"_links":{"self":[{"href":"https:\/\/archive.sana.sy\/es\/index.php?rest_route=\/wp\/v2\/posts\/95987"}],"collection":[{"href":"https:\/\/archive.sana.sy\/es\/index.php?rest_route=\/wp\/v2\/posts"}],"about":[{"href":"https:\/\/archive.sana.sy\/es\/index.php?rest_route=\/wp\/v2\/types\/post"}],"author":[{"embeddable":true,"href":"https:\/\/archive.sana.sy\/es\/index.php?rest_route=\/wp\/v2\/users\/1"}],"replies":[{"embeddable":true,"href":"https:\/\/archive.sana.sy\/es\/index.php?rest_route=%2Fwp%2Fv2%2Fcomments&post=95987"}],"version-history":[{"count":0,"href":"https:\/\/archive.sana.sy\/es\/index.php?rest_route=\/wp\/v2\/posts\/95987\/revisions"}],"wp:featuredmedia":[{"embeddable":true,"href":"https:\/\/archive.sana.sy\/es\/index.php?rest_route=\/wp\/v2\/media\/95990"}],"wp:attachment":[{"href":"https:\/\/archive.sana.sy\/es\/index.php?rest_route=%2Fwp%2Fv2%2Fmedia&parent=95987"}],"wp:term":[{"taxonomy":"category","embeddable":true,"href":"https:\/\/archive.sana.sy\/es\/index.php?rest_route=%2Fwp%2Fv2%2Fcategories&post=95987"},{"taxonomy":"post_tag","embeddable":true,"href":"https:\/\/archive.sana.sy\/es\/index.php?rest_route=%2Fwp%2Fv2%2Ftags&post=95987"}],"curies":[{"name":"wp","href":"https:\/\/api.w.org\/{rel}","templated":true}]}}