{"id":9638,"date":"2014-09-21T21:00:35","date_gmt":"2014-09-21T18:00:35","guid":{"rendered":"http:\/\/www.sana.sy\/es\/?p=9638"},"modified":"2014-09-21T21:00:10","modified_gmt":"2014-09-21T18:00:10","slug":"lavrov-la-necesidad-de-respetar-la-soberania-de-siria-en-la-guerra-contra-eiil","status":"publish","type":"post","link":"https:\/\/archive.sana.sy\/es\/?p=9638","title":{"rendered":"Lavrov: La necesidad de respetar la soberan\u00eda de Siria en la guerra contra EIIL"},"content":{"rendered":"<p>Mosc\u00fa-SANA<\/p>\n<p>El ministro ruso de Exteriores, Sergei Lavrov, reiter\u00f3 a John Kerry, la necesidad de respetar la soberan\u00eda de Siria en la guerra contra la organizaci\u00f3n terrorista del Estado Isl\u00e1mico de Irak y el Levante.<\/p>\n<p>Las declaraciones de Lavrov se produjeron durante una conversaci\u00f3n telef\u00f3nica efectuada hoy con su hom\u00f3logo estadounidense.<\/p>\n<p>Una fuente del Ministerio de Exteriores de Rusia dijo en un comunicado que el Ministro Lavrov subray\u00f3 ante su hom\u00f3logo estadounidense, la necesidad de respetar las convenciones y relaciones internacionales, a la hora de formar la coalici\u00f3n internacional contra EIIL por parte de EEUU, y realizar acci\u00f3n militar contra esta organizaci\u00f3n.<\/p>\n<p>La fuente se\u00f1al\u00f3 que Lavrov tambi\u00e9n hizo hincapi\u00e9 en la necesidad de que haya una coordinaci\u00f3n de las acciones internacionales para combatir al EIIL, sin que haya un doble rasero al respecto.<\/p>\n<p>Yamil K.<\/p>\n","protected":false},"excerpt":{"rendered":"<p>Mosc\u00fa-SANA El ministro ruso de Exteriores, Sergei Lavrov, reiter\u00f3 a John Kerry, la necesidad de respetar la soberan\u00eda de Siria en la guerra contra la organizaci\u00f3n terrorista del Estado Isl\u00e1mico de Irak y el Levante. Las declaraciones de Lavrov se produjeron durante una conversaci\u00f3n telef\u00f3nica efectuada hoy con su hom\u00f3logo estadounidense. Una fuente del Ministerio &hellip;<\/p>\n","protected":false},"author":1,"featured_media":9639,"comment_status":"closed","ping_status":"closed","sticky":false,"template":"","format":"standard","meta":{"footnotes":""},"categories":[597,456,576],"tags":[],"class_list":["post-9638","post","type-post","status-publish","format-standard","has-post-thumbnail","","category-cinta-de-noticias","category-arabe-internacional-politica","category-noticias-politicas"],"_links":{"self":[{"href":"https:\/\/archive.sana.sy\/es\/index.php?rest_route=\/wp\/v2\/posts\/9638"}],"collection":[{"href":"https:\/\/archive.sana.sy\/es\/index.php?rest_route=\/wp\/v2\/posts"}],"about":[{"href":"https:\/\/archive.sana.sy\/es\/index.php?rest_route=\/wp\/v2\/types\/post"}],"author":[{"embeddable":true,"href":"https:\/\/archive.sana.sy\/es\/index.php?rest_route=\/wp\/v2\/users\/1"}],"replies":[{"embeddable":true,"href":"https:\/\/archive.sana.sy\/es\/index.php?rest_route=%2Fwp%2Fv2%2Fcomments&post=9638"}],"version-history":[{"count":0,"href":"https:\/\/archive.sana.sy\/es\/index.php?rest_route=\/wp\/v2\/posts\/9638\/revisions"}],"wp:featuredmedia":[{"embeddable":true,"href":"https:\/\/archive.sana.sy\/es\/index.php?rest_route=\/wp\/v2\/media\/9639"}],"wp:attachment":[{"href":"https:\/\/archive.sana.sy\/es\/index.php?rest_route=%2Fwp%2Fv2%2Fmedia&parent=9638"}],"wp:term":[{"taxonomy":"category","embeddable":true,"href":"https:\/\/archive.sana.sy\/es\/index.php?rest_route=%2Fwp%2Fv2%2Fcategories&post=9638"},{"taxonomy":"post_tag","embeddable":true,"href":"https:\/\/archive.sana.sy\/es\/index.php?rest_route=%2Fwp%2Fv2%2Ftags&post=9638"}],"curies":[{"name":"wp","href":"https:\/\/api.w.org\/{rel}","templated":true}]}}