{"id":96401,"date":"2018-12-16T23:13:58","date_gmt":"2018-12-16T21:13:58","guid":{"rendered":"https:\/\/www.sana.sy\/es\/?p=96401"},"modified":"2019-08-24T21:53:00","modified_gmt":"2019-08-24T18:53:00","slug":"al-assad-recibe-al-presidente-de-sudan","status":"publish","type":"post","link":"https:\/\/archive.sana.sy\/es\/?p=96401","title":{"rendered":"Presidente Al-Assad recibe al presidente sudan\u00e9s"},"content":{"rendered":"<p style=\"text-align: justify;\"><span style=\"color: #800000;\">Damasco, SANA<\/span><\/p>\n<p style=\"text-align: justify;\">El presidente de la Rep\u00fablica del Sud\u00e1n, Omar Hasan Al-Bashir inici\u00f3 una visita de trabajo a Siria y fue recibido en el aeropuerto de Damasco por el presidente Bashar Al-Assad.<\/p>\n<p style=\"text-align: justify;\">A continuaci\u00f3n ambos mandatarios se dirigieron al palacio del pueblo, donde celebraron una sesi\u00f3n de conversaciones que abord\u00f3 las relaciones bilaterales y los \u00faltimos acontecimientos en Siria y la regi\u00f3n.<\/p>\n<p style=\"text-align: justify;\">Los presidentes Al-Assad y Al-Bashir afirmaron que las condiciones y las crisis que azotan un n\u00famero de pa\u00edses \u00e1rabes requieren de la b\u00fasqueda de nuevos enfoques para la acci\u00f3n \u00e1rabe basados en el respeto de la soberan\u00eda de los Estados y la no inferencia en sus asuntos internos, lo que contribuir\u00e1 a la mejor\u00eda de las relaciones arabo-\u00e1rabes, de tal manera que sirvan a los intereses del pueblo \u00e1rabe.<\/p>\n<p style=\"text-align: justify;\">Ambos jefes de Estados se\u00f1alaron que \u00a8lo que est\u00e1 ocurriendo en la regi\u00f3n y especialmente en los pa\u00edses \u00e1rabes, confirma la necesidad de invertir todo esfuerzo y potencia en pro de las causas \u00e1rabes as\u00ed como hacer frente a los planes que contradicen los intereses de los pa\u00edses de la regi\u00f3n y sus pueblos.<\/p>\n<p style=\"text-align: justify;\">El presidente Al-Bashir indic\u00f3 que \u00a8Siria es un pa\u00eds de confrontaci\u00f3n y el hecho de debilitarla, debilitar\u00eda las causas \u00e1rabes\u00a8, agregando que lo que ha ocurrido en Siria durante los \u00faltimos a\u00f1os no puede ser separado de esta realidad. \u00a8a pesar de la guerra, Siria sigue aferrada a los principios de la naci\u00f3n \u00e1rabe\u00a8, puntualiz\u00f3.<\/p>\n<p style=\"text-align: justify;\">Asimismo el mandatario sudan\u00e9s expres\u00f3 su esperanza de que el pueblo sirio pueda por s\u00ed mismo determinar el futuro de su pa\u00eds lejos de cualquier intervenci\u00f3n externa y reiter\u00f3 al mismo tiempo el apoyo de su pa\u00eds a Siria y su disposici\u00f3n a proporcionar todo lo que pueda para apoyar la integridad territorial de Siria.<\/p>\n<p style=\"text-align: justify;\">A su vez, el presidente Al-Assad subray\u00f3 que \u00a8Siria a pesar de todo lo sucedido durante los a\u00f1os de guerra, sigue creyendo en el arabismo y est\u00e1 aferrado con \u00e9l \u00a8.<\/p>\n<p style=\"text-align: justify;\">Explic\u00f3 que \u00a8la dependencia de algunos Estados \u00e1rabes a occidente no traer\u00e1 beneficio a sus pueblos\u00a8, por tanto \u00a8es mejor aferrarse al arabismo y las causas de la naci\u00f3n \u00e1rabe\u00a8, puntualiz\u00f3.<\/p>\n<p style=\"text-align: justify;\">El presidente Al-Assad agradeci\u00f3 al presidente Al-Bashir por su visita y afirm\u00f3 que la misma contribuir\u00e1 al restablecimiento de las relaciones entre los dos pa\u00edses tal y como eran antes de la guerra contra Siria.<\/p>\n<p style=\"text-align: justify;\">Y.K.<\/p>\n<div id='gallery-1' class='gallery galleryid-96401 gallery-columns-1 gallery-size-full'><figure class='gallery-item'>\n\t\t\t<div class='gallery-icon landscape'>\n\t\t\t\t<a href='https:\/\/archive.sana.sy\/es\/wp-content\/uploads\/2018\/12\/assad1.jpg'><img loading=\"lazy\" decoding=\"async\" width=\"1280\" height=\"641\" src=\"https:\/\/archive.sana.sy\/es\/wp-content\/uploads\/2018\/12\/assad1.jpg\" class=\"attachment-full size-full\" alt=\"\" srcset=\"https:\/\/archive.sana.sy\/es\/wp-content\/uploads\/2018\/12\/assad1.jpg 1280w, https:\/\/archive.sana.sy\/es\/wp-content\/uploads\/2018\/12\/assad1-150x75.jpg 150w, https:\/\/archive.sana.sy\/es\/wp-content\/uploads\/2018\/12\/assad1-300x150.jpg 300w, https:\/\/archive.sana.sy\/es\/wp-content\/uploads\/2018\/12\/assad1-768x385.jpg 768w, https:\/\/archive.sana.sy\/es\/wp-content\/uploads\/2018\/12\/assad1-1024x513.jpg 1024w, https:\/\/archive.sana.sy\/es\/wp-content\/uploads\/2018\/12\/assad1-660x330.jpg 660w, https:\/\/archive.sana.sy\/es\/wp-content\/uploads\/2018\/12\/assad1-1050x525.jpg 1050w\" sizes=\"(max-width: 1280px) 100vw, 1280px\" \/><\/a>\n\t\t\t<\/div><\/figure><figure class='gallery-item'>\n\t\t\t<div class='gallery-icon landscape'>\n\t\t\t\t<a href='https:\/\/archive.sana.sy\/es\/wp-content\/uploads\/2018\/12\/assad2.jpg'><img loading=\"lazy\" decoding=\"async\" width=\"1280\" height=\"803\" src=\"https:\/\/archive.sana.sy\/es\/wp-content\/uploads\/2018\/12\/assad2.jpg\" class=\"attachment-full size-full\" alt=\"\" srcset=\"https:\/\/archive.sana.sy\/es\/wp-content\/uploads\/2018\/12\/assad2.jpg 1280w, https:\/\/archive.sana.sy\/es\/wp-content\/uploads\/2018\/12\/assad2-150x94.jpg 150w, https:\/\/archive.sana.sy\/es\/wp-content\/uploads\/2018\/12\/assad2-300x188.jpg 300w, https:\/\/archive.sana.sy\/es\/wp-content\/uploads\/2018\/12\/assad2-768x482.jpg 768w, https:\/\/archive.sana.sy\/es\/wp-content\/uploads\/2018\/12\/assad2-1024x642.jpg 1024w\" sizes=\"(max-width: 1280px) 100vw, 1280px\" \/><\/a>\n\t\t\t<\/div><\/figure><figure class='gallery-item'>\n\t\t\t<div class='gallery-icon landscape'>\n\t\t\t\t<a href='https:\/\/archive.sana.sy\/es\/wp-content\/uploads\/2018\/12\/assad3.jpg'><img loading=\"lazy\" decoding=\"async\" width=\"1280\" height=\"1108\" src=\"https:\/\/archive.sana.sy\/es\/wp-content\/uploads\/2018\/12\/assad3.jpg\" class=\"attachment-full size-full\" alt=\"\" srcset=\"https:\/\/archive.sana.sy\/es\/wp-content\/uploads\/2018\/12\/assad3.jpg 1280w, https:\/\/archive.sana.sy\/es\/wp-content\/uploads\/2018\/12\/assad3-150x130.jpg 150w, https:\/\/archive.sana.sy\/es\/wp-content\/uploads\/2018\/12\/assad3-300x260.jpg 300w, https:\/\/archive.sana.sy\/es\/wp-content\/uploads\/2018\/12\/assad3-768x665.jpg 768w, https:\/\/archive.sana.sy\/es\/wp-content\/uploads\/2018\/12\/assad3-1024x886.jpg 1024w\" sizes=\"(max-width: 1280px) 100vw, 1280px\" \/><\/a>\n\t\t\t<\/div><\/figure><figure class='gallery-item'>\n\t\t\t<div class='gallery-icon portrait'>\n\t\t\t\t<a href='https:\/\/archive.sana.sy\/es\/wp-content\/uploads\/2018\/12\/assad4.jpg'><img loading=\"lazy\" decoding=\"async\" width=\"1147\" height=\"1280\" src=\"https:\/\/archive.sana.sy\/es\/wp-content\/uploads\/2018\/12\/assad4.jpg\" class=\"attachment-full size-full\" alt=\"\" srcset=\"https:\/\/archive.sana.sy\/es\/wp-content\/uploads\/2018\/12\/assad4.jpg 1147w, https:\/\/archive.sana.sy\/es\/wp-content\/uploads\/2018\/12\/assad4-134x150.jpg 134w, https:\/\/archive.sana.sy\/es\/wp-content\/uploads\/2018\/12\/assad4-269x300.jpg 269w, https:\/\/archive.sana.sy\/es\/wp-content\/uploads\/2018\/12\/assad4-768x857.jpg 768w, https:\/\/archive.sana.sy\/es\/wp-content\/uploads\/2018\/12\/assad4-918x1024.jpg 918w\" sizes=\"(max-width: 1147px) 100vw, 1147px\" \/><\/a>\n\t\t\t<\/div><\/figure><figure class='gallery-item'>\n\t\t\t<div class='gallery-icon landscape'>\n\t\t\t\t<a href='https:\/\/archive.sana.sy\/es\/wp-content\/uploads\/2018\/12\/assad5.jpg'><img loading=\"lazy\" decoding=\"async\" width=\"1280\" height=\"803\" src=\"https:\/\/archive.sana.sy\/es\/wp-content\/uploads\/2018\/12\/assad5.jpg\" class=\"attachment-full size-full\" alt=\"\" srcset=\"https:\/\/archive.sana.sy\/es\/wp-content\/uploads\/2018\/12\/assad5.jpg 1280w, https:\/\/archive.sana.sy\/es\/wp-content\/uploads\/2018\/12\/assad5-150x94.jpg 150w, https:\/\/archive.sana.sy\/es\/wp-content\/uploads\/2018\/12\/assad5-300x188.jpg 300w, https:\/\/archive.sana.sy\/es\/wp-content\/uploads\/2018\/12\/assad5-768x482.jpg 768w, https:\/\/archive.sana.sy\/es\/wp-content\/uploads\/2018\/12\/assad5-1024x642.jpg 1024w\" sizes=\"(max-width: 1280px) 100vw, 1280px\" \/><\/a>\n\t\t\t<\/div><\/figure>\n\t\t<\/div>\n\n","protected":false},"excerpt":{"rendered":"<p>Damasco, SANA El presidente de la Rep\u00fablica del Sud\u00e1n, Omar Hasan Al-Bashir inici\u00f3 una visita de trabajo a Siria y fue recibido en el aeropuerto de Damasco por el presidente Bashar Al-Assad. A continuaci\u00f3n ambos mandatarios se dirigieron al palacio del pueblo, donde celebraron una sesi\u00f3n de conversaciones que abord\u00f3 las relaciones bilaterales y los &hellip;<\/p>\n","protected":false},"author":1,"featured_media":96402,"comment_status":"closed","ping_status":"closed","sticky":false,"template":"","format":"standard","meta":{"footnotes":""},"categories":[597,16237,467,583,626],"tags":[13721],"class_list":["post-96401","post","type-post","status-publish","format-standard","has-post-thumbnail","","category-cinta-de-noticias","category-presidence-de-la-republique-arabe-syria","category-siria-y-el-mundo","category-slide","category-sr-presidente","tag-presidente-al-assad-recibe-a-su-homologo-sudanes-y-conversa-con-el-sobre-la-situacion-en-siria-y-la-region"],"_links":{"self":[{"href":"https:\/\/archive.sana.sy\/es\/index.php?rest_route=\/wp\/v2\/posts\/96401"}],"collection":[{"href":"https:\/\/archive.sana.sy\/es\/index.php?rest_route=\/wp\/v2\/posts"}],"about":[{"href":"https:\/\/archive.sana.sy\/es\/index.php?rest_route=\/wp\/v2\/types\/post"}],"author":[{"embeddable":true,"href":"https:\/\/archive.sana.sy\/es\/index.php?rest_route=\/wp\/v2\/users\/1"}],"replies":[{"embeddable":true,"href":"https:\/\/archive.sana.sy\/es\/index.php?rest_route=%2Fwp%2Fv2%2Fcomments&post=96401"}],"version-history":[{"count":0,"href":"https:\/\/archive.sana.sy\/es\/index.php?rest_route=\/wp\/v2\/posts\/96401\/revisions"}],"wp:featuredmedia":[{"embeddable":true,"href":"https:\/\/archive.sana.sy\/es\/index.php?rest_route=\/wp\/v2\/media\/96402"}],"wp:attachment":[{"href":"https:\/\/archive.sana.sy\/es\/index.php?rest_route=%2Fwp%2Fv2%2Fmedia&parent=96401"}],"wp:term":[{"taxonomy":"category","embeddable":true,"href":"https:\/\/archive.sana.sy\/es\/index.php?rest_route=%2Fwp%2Fv2%2Fcategories&post=96401"},{"taxonomy":"post_tag","embeddable":true,"href":"https:\/\/archive.sana.sy\/es\/index.php?rest_route=%2Fwp%2Fv2%2Ftags&post=96401"}],"curies":[{"name":"wp","href":"https:\/\/api.w.org\/{rel}","templated":true}]}}