{"id":9643,"date":"2014-09-21T20:10:30","date_gmt":"2014-09-21T17:10:30","guid":{"rendered":"http:\/\/www.sana.sy\/es\/?p=9643"},"modified":"2014-09-21T20:10:30","modified_gmt":"2014-09-21T17:10:30","slug":"zarif-las-erroneas-politicas-adoptadas-a-lo-largo-de-los-ultimos-anos-han-impulsado-la-propagacion-de-las-organizaciones-terroristas","status":"publish","type":"post","link":"https:\/\/archive.sana.sy\/es\/?p=9643","title":{"rendered":"Zarif: Las err\u00f3neas pol\u00edticas adoptadas a lo largo de los \u00faltimos a\u00f1os, han impulsado la propagaci\u00f3n de las organizaciones terroristas"},"content":{"rendered":"<p>Nueva York-SANA<\/p>\n<p>Ir\u00e1n critica ir\u00f3nicamente la alianza estadounidense occidental para la lucha contra el terrorismo, asegurando en boca de su canciller, Muhammad Yavad Zarif, que combatir el terrorismo requiere de una estrategia unificada y de un nuevo enfoque.<\/p>\n<p>Durante su encuentro con su hom\u00f3logo de Australia en Nueva York, Zarif, se\u00f1al\u00f3 que las err\u00f3neas pol\u00edticas adoptadas a lo largo de los \u00faltimos a\u00f1os, han impulsado la propagaci\u00f3n de las organizaciones terroristas en la regi\u00f3n.<\/p>\n<p>Por su parte el presidente del comit\u00e9 de seguridad nacional y pol\u00edtica exterior en el parlamento iran\u00ed, Alaa Eddin Broyurdi, durante su encuentro con su hom\u00f3logo de Kenia, consider\u00f3 que Estados Unidos y sus aliados son los responsables del crecimiento y la propagaci\u00f3n del terrorismo en el mundo, aclarando que a diferencia de Washington y sus aliados, Teher\u00e1n no escatima esfuerzo para combatir este fen\u00f3meno.<\/p>\n<p>A su vez, el presidente del parlamento iran\u00ed, Ali Lariyani, en el mismo contexto, critic\u00f3 con iron\u00eda el exagerado inter\u00e9s que demuestra Estados Unidos en la lucha contra EIIL.<\/p>\n<p>Yamil K.<\/p>\n","protected":false},"excerpt":{"rendered":"<p>Nueva York-SANA Ir\u00e1n critica ir\u00f3nicamente la alianza estadounidense occidental para la lucha contra el terrorismo, asegurando en boca de su canciller, Muhammad Yavad Zarif, que combatir el terrorismo requiere de una estrategia unificada y de un nuevo enfoque. Durante su encuentro con su hom\u00f3logo de Australia en Nueva York, Zarif, se\u00f1al\u00f3 que las err\u00f3neas pol\u00edticas &hellip;<\/p>\n","protected":false},"author":1,"featured_media":9644,"comment_status":"closed","ping_status":"closed","sticky":false,"template":"","format":"standard","meta":{"footnotes":""},"categories":[456,576],"tags":[],"class_list":["post-9643","post","type-post","status-publish","format-standard","has-post-thumbnail","","category-arabe-internacional-politica","category-noticias-politicas"],"_links":{"self":[{"href":"https:\/\/archive.sana.sy\/es\/index.php?rest_route=\/wp\/v2\/posts\/9643"}],"collection":[{"href":"https:\/\/archive.sana.sy\/es\/index.php?rest_route=\/wp\/v2\/posts"}],"about":[{"href":"https:\/\/archive.sana.sy\/es\/index.php?rest_route=\/wp\/v2\/types\/post"}],"author":[{"embeddable":true,"href":"https:\/\/archive.sana.sy\/es\/index.php?rest_route=\/wp\/v2\/users\/1"}],"replies":[{"embeddable":true,"href":"https:\/\/archive.sana.sy\/es\/index.php?rest_route=%2Fwp%2Fv2%2Fcomments&post=9643"}],"version-history":[{"count":0,"href":"https:\/\/archive.sana.sy\/es\/index.php?rest_route=\/wp\/v2\/posts\/9643\/revisions"}],"wp:featuredmedia":[{"embeddable":true,"href":"https:\/\/archive.sana.sy\/es\/index.php?rest_route=\/wp\/v2\/media\/9644"}],"wp:attachment":[{"href":"https:\/\/archive.sana.sy\/es\/index.php?rest_route=%2Fwp%2Fv2%2Fmedia&parent=9643"}],"wp:term":[{"taxonomy":"category","embeddable":true,"href":"https:\/\/archive.sana.sy\/es\/index.php?rest_route=%2Fwp%2Fv2%2Fcategories&post=9643"},{"taxonomy":"post_tag","embeddable":true,"href":"https:\/\/archive.sana.sy\/es\/index.php?rest_route=%2Fwp%2Fv2%2Ftags&post=9643"}],"curies":[{"name":"wp","href":"https:\/\/api.w.org\/{rel}","templated":true}]}}