{"id":9646,"date":"2014-09-21T20:21:17","date_gmt":"2014-09-21T17:21:17","guid":{"rendered":"http:\/\/www.sana.sy\/es\/?p=9646"},"modified":"2014-09-21T20:59:08","modified_gmt":"2014-09-21T17:59:08","slug":"mnkcp-cualquier-accion-en-el-territorio-sirio-sin-previa-aprobacion-o-coordinacion-con-el-estado-sirio-es-una-violacion-de-la-soberania","status":"publish","type":"post","link":"https:\/\/archive.sana.sy\/es\/?p=9646","title":{"rendered":"MNKCP: Cualquier acci\u00f3n en el territorio sirio sin previa aprobaci\u00f3n o coordinaci\u00f3n con el estado sirio es una violaci\u00f3n de la soberan\u00eda"},"content":{"rendered":"<p>Damasco-SANA<\/p>\n<p>El Movimiento Nacional Kurdo para el Cambio Pac\u00edfico se\u00f1al\u00f3 , a trav\u00e9s de un comunicado,\u00a0\u00a0que si la comunidad internacional representada por las Naciones Unidas y el Consejo de Seguridad tuviera inter\u00e9s en poner fin al derramamiento de la sangre del pueblo sirio, cooperara con el Estado sirio representado por el gobierno sirio.<\/p>\n<p>El Comunicado dirigi\u00f3 un llamado a la Coalici\u00f3n Internacional, diciendo que cualquier intervenci\u00f3n en el territorio sirio sin previa aprobaci\u00f3n o coordinaci\u00f3n con el estado sirio ser\u00e1 considerada como una violaci\u00f3n a la soberan\u00eda y un apoyo al terrorismo, agregando que si la comunidad internacional fuese honesta en su voluntad de luchar contra el terrorismo, habr\u00eda dirigido acusaciones contra Qatar, Arabia Saudita y Turqu\u00eda, siendo las fuentes del terrorismo.<\/p>\n<p>Agreg\u00f3 que la agresi\u00f3n desatada contra la regi\u00f3n de Ain Arab por parte del EIIL fue con la ayuda de la inteligencia turca.<\/p>\n<p>Yamil K.<\/p>\n","protected":false},"excerpt":{"rendered":"<p>Damasco-SANA El Movimiento Nacional Kurdo para el Cambio Pac\u00edfico se\u00f1al\u00f3 , a trav\u00e9s de un comunicado,\u00a0\u00a0que si la comunidad internacional representada por las Naciones Unidas y el Consejo de Seguridad tuviera inter\u00e9s en poner fin al derramamiento de la sangre del pueblo sirio, cooperara con el Estado sirio representado por el gobierno sirio. El Comunicado &hellip;<\/p>\n","protected":false},"author":1,"featured_media":9647,"comment_status":"closed","ping_status":"closed","sticky":false,"template":"","format":"standard","meta":{"footnotes":""},"categories":[476],"tags":[],"class_list":["post-9646","post","type-post","status-publish","format-standard","has-post-thumbnail","","category-locales"],"_links":{"self":[{"href":"https:\/\/archive.sana.sy\/es\/index.php?rest_route=\/wp\/v2\/posts\/9646"}],"collection":[{"href":"https:\/\/archive.sana.sy\/es\/index.php?rest_route=\/wp\/v2\/posts"}],"about":[{"href":"https:\/\/archive.sana.sy\/es\/index.php?rest_route=\/wp\/v2\/types\/post"}],"author":[{"embeddable":true,"href":"https:\/\/archive.sana.sy\/es\/index.php?rest_route=\/wp\/v2\/users\/1"}],"replies":[{"embeddable":true,"href":"https:\/\/archive.sana.sy\/es\/index.php?rest_route=%2Fwp%2Fv2%2Fcomments&post=9646"}],"version-history":[{"count":0,"href":"https:\/\/archive.sana.sy\/es\/index.php?rest_route=\/wp\/v2\/posts\/9646\/revisions"}],"wp:featuredmedia":[{"embeddable":true,"href":"https:\/\/archive.sana.sy\/es\/index.php?rest_route=\/wp\/v2\/media\/9647"}],"wp:attachment":[{"href":"https:\/\/archive.sana.sy\/es\/index.php?rest_route=%2Fwp%2Fv2%2Fmedia&parent=9646"}],"wp:term":[{"taxonomy":"category","embeddable":true,"href":"https:\/\/archive.sana.sy\/es\/index.php?rest_route=%2Fwp%2Fv2%2Fcategories&post=9646"},{"taxonomy":"post_tag","embeddable":true,"href":"https:\/\/archive.sana.sy\/es\/index.php?rest_route=%2Fwp%2Fv2%2Ftags&post=9646"}],"curies":[{"name":"wp","href":"https:\/\/api.w.org\/{rel}","templated":true}]}}